{"id":6860,"date":"2026-01-28T10:47:16","date_gmt":"2026-01-28T09:47:16","guid":{"rendered":"https:\/\/www.nova-bz.org\/?p=6860"},"modified":"2026-01-28T10:47:32","modified_gmt":"2026-01-28T09:47:32","slug":"junge-talente","status":"publish","type":"post","link":"https:\/\/www.nova-bz.org\/de\/junge-talente\/","title":{"rendered":"Wie S\u00fcdtirol junge Talente halten und zur\u00fcckholen will"},"content":{"rendered":"\n<p>Ein Studium au\u00dferhalb S\u00fcdtirols, der erste Job in einer Gro\u00dfstadt, bessere Bezahlung und neue Chancen \u2013 f\u00fcr viele junge S\u00fcdtirolerinnen und S\u00fcdtiroler ist der Weg nach \u00d6sterreich, Deutschland, in die Schweiz oder andere italienische Regionen naheliegend.<\/p>\n\n\n\n<p>Doch was f\u00fcr den Einzelnen spannend und bereichernd ist, wird f\u00fcr das Land zunehmend zur Herausforderung. Diesem Ph\u00e4nomen \u2013 genannt <em>Brain Drain<\/em> \u2013 soll nun verst\u00e4rkt gegengesteuert werden: Der S\u00fcdtiroler Landtag hat in seiner J\u00e4nner-Sitzungsfolge 2026 den <a href=\"https:\/\/www.landtag-bz.org\/de\/politische-akte\/786577\" target=\"_blank\" rel=\"noreferrer noopener\"><strong>Beschlussantrag Nr. 357\/25<\/strong><\/a><strong>\u00a0<em>Ma\u00dfnahmen zur Fachkr\u00e4ftebindung und -r\u00fcckgewinnung (Brain Gain) in S\u00fcdtirol<\/em><\/strong>\u00a0(SVP\/La Civica\/PD \u2013 Demokratische Partei) mit 29 Ja-Stimmen und 2 Enthaltungen angenommen.<\/p>\n\n\n\n<p>Dass das notwendig ist, ist aus den Zahlen klar ersichtlich: Wie im Beschlussantrag (<em>mit einem solchen wird die Landesregierung mit bestimmten Aufgaben beauftragt<\/em>) angef\u00fchrt, ziehen j\u00e4hrlich fast 1.500 Menschen zwischen 20 und 49 Jahren in die sogenannten DACH-L\u00e4nder, dazu kommen rund 1.000 Abwanderungen Richtung restliches Italien. Innerhalb weniger Jahre sind diese Zahlen stark gestiegen. Hauptgr\u00fcnde f\u00fcr die Abwanderung sind attraktivere Jobs, bessere Karrierechancen und h\u00f6here Geh\u00e4lter. Das f\u00fchrt dazu, dass in S\u00fcdtirol in vielen Bereichen qualifizierte Arbeitskr\u00e4fte fehlen \u2013 nicht nur Akademikerinnen und Akademiker, sondern ebenso nicht akademische Fachkr\u00e4fte.<\/p>\n\n\n\n<p>Der vom Landtag angenommene Antrag sieht deshalb nun vor, dass eine landesweite und bereichs\u00fcbergreifende Fachkr\u00e4fte- und <em>Brain-Gain<\/em>-Strategie entwickelt wird. Ziel ist es, Fachkr\u00e4fte nicht nur im Land zu halten, sondern auch ausgewanderte zur\u00fcckzuholen und neue zu gewinnen. Geplant ist dazu unter anderem eine eigene Koordinationsstelle, die Ma\u00dfnahmen in den Bereichen Arbeit, Wirtschaft, Bildung, Wohnen, Mobilit\u00e4t, Familie und Forschung aufeinander abstimmt.<\/p>\n\n\n\n<p>Im Rahmen der Fachkr\u00e4fte- und <em>Brain-Gain<\/em>-Strategie sollen aber nicht nur au\u00dferhalb der Landesgrenzen Ma\u00dfnahmen gesetzt werden, auch die verst\u00e4rkte Aktivierung bereits in S\u00fcdtirol wohnhafter Personen, die derzeit nicht arbeiten, ist geplant \u2013 von Menschen aus der sogenannten \u201estillen Reserve\u201c, NEETs (junge Menschen ohne Arbeit oder Ausbildung), Pensionierten oder Jugendlichen durch den Ausbau der dualen Ausbildung.<\/p>\n\n\n\n<h2 class=\"wp-block-heading\"><strong>Was sagen die Landtagsabgeordneten?<\/strong><\/h2>\n\n\n\n<p><strong>Harald Stauder<\/strong> (SVP), Erstunterzeichner des Beschlussantrags, verwies in der <strong>Debatte zum Beschlussantrag im Landtag<\/strong> auf Projekte wie den NOI Techpark in Bozen und Bruneck: Dabei handle es sich um bereits bestehende zentrale Innovationsstrukturen, die k\u00fcnftig strategisch genutzt und weiterentwickelt werden m\u00fcssten.<\/p>\n\n\n\n<p>Andere Landtagsabgeordnete haben auf soziale und gesellschaftliche Aspekte hingewiesen. So hob <strong>Brigitte Foppa<\/strong> (Gr\u00fcne) hervor, dass besonders junge Frauen h\u00e4ufig im Ausland bleiben und andere Gr\u00fcnde f\u00fcr eine R\u00fcckkehr haben als M\u00e4nner. Diese Unterschiede m\u00fcssten in der Strategie ber\u00fccksichtigt werden.<\/p>\n\n\n\n<p><strong>J\u00fcrgen Wirth Anderlan<\/strong>&nbsp;(JWA Wirth Anderlan) merkte an, dass man sich zu Recht \u00fcber den Verlust der S\u00fcdtiroler Fachkr\u00e4fte beschwere und alles daf\u00fcr tun wolle, um diese zur\u00fcckzuholen, doch anderen L\u00e4ndern Arbeitskr\u00e4fte abzuwerben, sei nicht der richtige Weg.<\/p>\n\n\n\n<p><strong>Paul K\u00f6llensperger<\/strong> (Team K) erinnerte an den Wert von Auslandserfahrungen und kritisierte das Missverh\u00e4ltnis zwischen Einkommen und hohen Wohnungspreisen in S\u00fcdtirol. Ohne leistbaren Wohnraum werde es schwer, R\u00fcckkehr attraktiv zu machen.<\/p>\n\n\n\n<p><strong>Sven Knoll<\/strong> (S\u00fcd-Tiroler Freiheit) unterstrich, dass es das Ergebnis der Politik der SVP in der Vergangenheit sei, dass junge Leute nicht mehr nach S\u00fcdtirol zur\u00fcckkehrten.<\/p>\n\n\n\n<p><strong>Magdalena Amhof<\/strong>, Landesr\u00e4tin f\u00fcr Europa, Arbeit und Personal, betonte, dass es konkrete Taten brauche: gute Arbeitspl\u00e4tze, leistbares Wohnen, ein starkes Ausbildungsangebot und klare Verantwortlichkeiten. Andere L\u00e4nder arbeiteten bereits aktiv daran, ihre Talente zur\u00fcckzuholen. S\u00fcdtirol wolle nun nachziehen \u2013 auch, um Innovationskraft und Wirtschaft langfristig zu sichern.<\/p>\n\n\n\n<p>Wenn S\u00fcdtirol k\u00fcnftig auch eine landesweite und bereichs\u00fcbergreifende Fachkr\u00e4fte- und <em>Brain-Gain<\/em>-Strategie haben wird, ist dennoch klar: Nicht alle werden zur\u00fcckkommen, wie auch in der Debatte angemerkt wurde. U.a. auch weil es Ausbildungen und Spezialisierungen gibt, f\u00fcr die es S\u00fcdtirol keine Arbeitsm\u00f6glichkeiten gibt. Doch die Politik m\u00f6chte <strong><em>Brain Drain<\/em> bremsen und <em>Brain Gain<\/em> m\u00f6glich machen<\/strong> \u2013 f\u00fcr die Zukunft S\u00fcdtirols.<\/p>\n","protected":false},"excerpt":{"rendered":"<p>Studium oder Job au\u00dferhalb der Landesgrenzen \u2013 und dann f\u00fcr immer weg? S\u00fcdtirol verliert viele junge Talente an das Ausland und andere italienische Regionen. Jetzt will die Politik gegensteuern. Was geplant ist. <\/p>\n","protected":false},"author":36,"featured_media":6858,"comment_status":"open","ping_status":"closed","sticky":false,"template":"","format":"standard","meta":{"_acf_changed":false,"yasr_overall_rating":0,"yasr_post_is_review":"","yasr_auto_insert_disabled":"","yasr_review_type":"","_jetpack_memberships_contains_paid_content":false,"footnotes":""},"categories":[58,228],"tags":[380],"class_list":["post-6860","post","type-post","status-publish","format-standard","has-post-thumbnail","hentry","category-aktuelles","category-gesellschaft","tag-jugendliche"],"acf":[],"yoast_head":"<!-- This site is optimized with the Yoast SEO plugin v25.3.1 - https:\/\/yoast.com\/wordpress\/plugins\/seo\/ -->\n<title>Wie S\u00fcdtirol junge Talente halten und zur\u00fcckholen will - Nova<\/title>\n<meta name=\"description\" content=\"Studium oder Job au\u00dferhalb der Landesgrenzen \u2013 und dann f\u00fcr immer weg? S\u00fcdtirol verliert viele junge Talente an das Ausland und andere italienische Regionen. Jetzt will die Politik gegensteuern. Was geplant ist.\" \/>\n<meta name=\"robots\" content=\"index, follow, max-snippet:-1, max-image-preview:large, max-video-preview:-1\" \/>\n<link rel=\"canonical\" href=\"https:\/\/www.nova-bz.org\/de\/junge-talente\/\" \/>\n<meta property=\"og:locale\" content=\"de_DE\" \/>\n<meta property=\"og:type\" content=\"article\" \/>\n<meta property=\"og:title\" content=\"Wie S\u00fcdtirol junge Talente halten und zur\u00fcckholen will\" \/>\n<meta property=\"og:description\" content=\"Studium oder Job au\u00dferhalb der Landesgrenzen \u2013 und dann f\u00fcr immer weg? S\u00fcdtirol verliert viele junge Talente an das Ausland und andere italienische Regionen. Jetzt will die Politik gegensteuern. Was geplant ist.\" \/>\n<meta property=\"og:url\" content=\"https:\/\/www.nova-bz.org\/de\/junge-talente\/\" \/>\n<meta property=\"og:site_name\" content=\"Nova\" \/>\n<meta property=\"article:publisher\" content=\"https:\/\/www.facebook.com\/novabz.org\" \/>\n<meta property=\"article:published_time\" content=\"2026-01-28T09:47:16+00:00\" \/>\n<meta property=\"article:modified_time\" content=\"2026-01-28T09:47:32+00:00\" \/>\n<meta property=\"og:image\" content=\"https:\/\/www.nova-bz.org\/wp-content\/uploads\/2026\/01\/braindrain.jpg\" \/>\n\t<meta property=\"og:image:width\" content=\"2400\" \/>\n\t<meta property=\"og:image:height\" content=\"1800\" \/>\n\t<meta property=\"og:image:type\" content=\"image\/jpeg\" \/>\n<meta name=\"author\" content=\"Redaktion Redazione\" \/>\n<meta name=\"twitter:card\" content=\"summary_large_image\" \/>\n<meta name=\"twitter:title\" content=\"Wie S\u00fcdtirol junge Talente halten und zur\u00fcckholen will\" \/>\n<meta name=\"twitter:description\" content=\"Studium oder Job au\u00dferhalb der Landesgrenzen \u2013 und dann f\u00fcr immer weg? S\u00fcdtirol verliert viele junge Talente an das Ausland und andere italienische Regionen. Jetzt will die Politik gegensteuern. Was geplant ist.\" \/>\n<meta name=\"twitter:image\" content=\"https:\/\/www.nova-bz.org\/wp-content\/uploads\/2026\/01\/braindrain.jpg\" \/>\n<meta name=\"twitter:creator\" content=\"@nova_bz_org\" \/>\n<meta name=\"twitter:site\" content=\"@nova_bz_org\" \/>\n<meta name=\"twitter:label1\" content=\"Verfasst von\" \/>\n\t<meta name=\"twitter:data1\" content=\"Redaktion Redazione\" \/>\n\t<meta name=\"twitter:label2\" content=\"Gesch\u00e4tzte Lesezeit\" \/>\n\t<meta name=\"twitter:data2\" content=\"4\u00a0Minuten\" \/>\n<script type=\"application\/ld+json\" class=\"yoast-schema-graph\">{\"@context\":\"https:\/\/schema.org\",\"@graph\":[{\"@type\":\"WebPage\",\"@id\":\"https:\/\/www.nova-bz.org\/de\/junge-talente\/\",\"url\":\"https:\/\/www.nova-bz.org\/de\/junge-talente\/\",\"name\":\"Wie S\u00fcdtirol junge Talente halten und zur\u00fcckholen will - Nova\",\"isPartOf\":{\"@id\":\"https:\/\/www.nova-bz.org\/#website\"},\"primaryImageOfPage\":{\"@id\":\"https:\/\/www.nova-bz.org\/de\/junge-talente\/#primaryimage\"},\"image\":{\"@id\":\"https:\/\/www.nova-bz.org\/de\/junge-talente\/#primaryimage\"},\"thumbnailUrl\":\"https:\/\/www.nova-bz.org\/wp-content\/uploads\/2026\/01\/braindrain.jpg\",\"datePublished\":\"2026-01-28T09:47:16+00:00\",\"dateModified\":\"2026-01-28T09:47:32+00:00\",\"author\":{\"@id\":\"https:\/\/www.nova-bz.org\/#\/schema\/person\/1f1e3510379e98497d26e0f268d316c9\"},\"description\":\"Studium oder Job au\u00dferhalb der Landesgrenzen \u2013 und dann f\u00fcr immer weg? S\u00fcdtirol verliert viele junge Talente an das Ausland und andere italienische Regionen. Jetzt will die Politik gegensteuern. Was geplant ist.\",\"breadcrumb\":{\"@id\":\"https:\/\/www.nova-bz.org\/de\/junge-talente\/#breadcrumb\"},\"inLanguage\":\"de\",\"potentialAction\":[{\"@type\":\"ReadAction\",\"target\":[\"https:\/\/www.nova-bz.org\/de\/junge-talente\/\"]}]},{\"@type\":\"ImageObject\",\"inLanguage\":\"de\",\"@id\":\"https:\/\/www.nova-bz.org\/de\/junge-talente\/#primaryimage\",\"url\":\"https:\/\/www.nova-bz.org\/wp-content\/uploads\/2026\/01\/braindrain.jpg\",\"contentUrl\":\"https:\/\/www.nova-bz.org\/wp-content\/uploads\/2026\/01\/braindrain.jpg\",\"width\":2400,\"height\":1800},{\"@type\":\"BreadcrumbList\",\"@id\":\"https:\/\/www.nova-bz.org\/de\/junge-talente\/#breadcrumb\",\"itemListElement\":[{\"@type\":\"ListItem\",\"position\":1,\"name\":\"Home\",\"item\":\"https:\/\/www.nova-bz.org\/de\/\"},{\"@type\":\"ListItem\",\"position\":2,\"name\":\"Wie S\u00fcdtirol junge Talente halten und zur\u00fcckholen will\"}]},{\"@type\":\"WebSite\",\"@id\":\"https:\/\/www.nova-bz.org\/#website\",\"url\":\"https:\/\/www.nova-bz.org\/\",\"name\":\"Nova\",\"description\":\"Wir m\u00f6chten Dich f\u00fcr Politik begeistern\",\"potentialAction\":[{\"@type\":\"SearchAction\",\"target\":{\"@type\":\"EntryPoint\",\"urlTemplate\":\"https:\/\/www.nova-bz.org\/?s={search_term_string}\"},\"query-input\":{\"@type\":\"PropertyValueSpecification\",\"valueRequired\":true,\"valueName\":\"search_term_string\"}}],\"inLanguage\":\"de\"},{\"@type\":\"Person\",\"@id\":\"https:\/\/www.nova-bz.org\/#\/schema\/person\/1f1e3510379e98497d26e0f268d316c9\",\"name\":\"Redaktion Redazione\",\"image\":{\"@type\":\"ImageObject\",\"inLanguage\":\"de\",\"@id\":\"https:\/\/www.nova-bz.org\/#\/schema\/person\/image\/\",\"url\":\"https:\/\/www.nova-bz.org\/wp-content\/uploads\/letter-avatar\/89447b63e34eed18e78ad5bab8ac5fcb.svg\",\"contentUrl\":\"https:\/\/www.nova-bz.org\/wp-content\/uploads\/letter-avatar\/89447b63e34eed18e78ad5bab8ac5fcb.svg\",\"caption\":\"Redaktion Redazione\"}},false]}<\/script>\n<!-- \/ Yoast SEO plugin. -->","yoast_head_json":{"title":"Wie S\u00fcdtirol junge Talente halten und zur\u00fcckholen will - Nova","description":"Studium oder Job au\u00dferhalb der Landesgrenzen \u2013 und dann f\u00fcr immer weg? S\u00fcdtirol verliert viele junge Talente an das Ausland und andere italienische Regionen. Jetzt will die Politik gegensteuern. Was geplant ist.","robots":{"index":"index","follow":"follow","max-snippet":"max-snippet:-1","max-image-preview":"max-image-preview:large","max-video-preview":"max-video-preview:-1"},"canonical":"https:\/\/www.nova-bz.org\/de\/junge-talente\/","og_locale":"de_DE","og_type":"article","og_title":"Wie S\u00fcdtirol junge Talente halten und zur\u00fcckholen will","og_description":"Studium oder Job au\u00dferhalb der Landesgrenzen \u2013 und dann f\u00fcr immer weg? S\u00fcdtirol verliert viele junge Talente an das Ausland und andere italienische Regionen. Jetzt will die Politik gegensteuern. Was geplant ist.","og_url":"https:\/\/www.nova-bz.org\/de\/junge-talente\/","og_site_name":"Nova","article_publisher":"https:\/\/www.facebook.com\/novabz.org","article_published_time":"2026-01-28T09:47:16+00:00","article_modified_time":"2026-01-28T09:47:32+00:00","og_image":[{"width":2400,"height":1800,"url":"https:\/\/www.nova-bz.org\/wp-content\/uploads\/2026\/01\/braindrain.jpg","type":"image\/jpeg"}],"author":"Redaktion Redazione","twitter_card":"summary_large_image","twitter_title":"Wie S\u00fcdtirol junge Talente halten und zur\u00fcckholen will","twitter_description":"Studium oder Job au\u00dferhalb der Landesgrenzen \u2013 und dann f\u00fcr immer weg? S\u00fcdtirol verliert viele junge Talente an das Ausland und andere italienische Regionen. Jetzt will die Politik gegensteuern. Was geplant ist.","twitter_image":"https:\/\/www.nova-bz.org\/wp-content\/uploads\/2026\/01\/braindrain.jpg","twitter_creator":"@nova_bz_org","twitter_site":"@nova_bz_org","twitter_misc":{"Verfasst von":"Redaktion Redazione","Gesch\u00e4tzte Lesezeit":"4\u00a0Minuten"},"schema":{"@context":"https:\/\/schema.org","@graph":[{"@type":"WebPage","@id":"https:\/\/www.nova-bz.org\/de\/junge-talente\/","url":"https:\/\/www.nova-bz.org\/de\/junge-talente\/","name":"Wie S\u00fcdtirol junge Talente halten und zur\u00fcckholen will - Nova","isPartOf":{"@id":"https:\/\/www.nova-bz.org\/#website"},"primaryImageOfPage":{"@id":"https:\/\/www.nova-bz.org\/de\/junge-talente\/#primaryimage"},"image":{"@id":"https:\/\/www.nova-bz.org\/de\/junge-talente\/#primaryimage"},"thumbnailUrl":"https:\/\/www.nova-bz.org\/wp-content\/uploads\/2026\/01\/braindrain.jpg","datePublished":"2026-01-28T09:47:16+00:00","dateModified":"2026-01-28T09:47:32+00:00","author":{"@id":"https:\/\/www.nova-bz.org\/#\/schema\/person\/1f1e3510379e98497d26e0f268d316c9"},"description":"Studium oder Job au\u00dferhalb der Landesgrenzen \u2013 und dann f\u00fcr immer weg? S\u00fcdtirol verliert viele junge Talente an das Ausland und andere italienische Regionen. Jetzt will die Politik gegensteuern. Was geplant ist.","breadcrumb":{"@id":"https:\/\/www.nova-bz.org\/de\/junge-talente\/#breadcrumb"},"inLanguage":"de","potentialAction":[{"@type":"ReadAction","target":["https:\/\/www.nova-bz.org\/de\/junge-talente\/"]}]},{"@type":"ImageObject","inLanguage":"de","@id":"https:\/\/www.nova-bz.org\/de\/junge-talente\/#primaryimage","url":"https:\/\/www.nova-bz.org\/wp-content\/uploads\/2026\/01\/braindrain.jpg","contentUrl":"https:\/\/www.nova-bz.org\/wp-content\/uploads\/2026\/01\/braindrain.jpg","width":2400,"height":1800},{"@type":"BreadcrumbList","@id":"https:\/\/www.nova-bz.org\/de\/junge-talente\/#breadcrumb","itemListElement":[{"@type":"ListItem","position":1,"name":"Home","item":"https:\/\/www.nova-bz.org\/de\/"},{"@type":"ListItem","position":2,"name":"Wie S\u00fcdtirol junge Talente halten und zur\u00fcckholen will"}]},{"@type":"WebSite","@id":"https:\/\/www.nova-bz.org\/#website","url":"https:\/\/www.nova-bz.org\/","name":"Nova","description":"Wir m\u00f6chten Dich f\u00fcr Politik begeistern","potentialAction":[{"@type":"SearchAction","target":{"@type":"EntryPoint","urlTemplate":"https:\/\/www.nova-bz.org\/?s={search_term_string}"},"query-input":{"@type":"PropertyValueSpecification","valueRequired":true,"valueName":"search_term_string"}}],"inLanguage":"de"},{"@type":"Person","@id":"https:\/\/www.nova-bz.org\/#\/schema\/person\/1f1e3510379e98497d26e0f268d316c9","name":"Redaktion Redazione","image":{"@type":"ImageObject","inLanguage":"de","@id":"https:\/\/www.nova-bz.org\/#\/schema\/person\/image\/","url":"https:\/\/www.nova-bz.org\/wp-content\/uploads\/letter-avatar\/89447b63e34eed18e78ad5bab8ac5fcb.svg","contentUrl":"https:\/\/www.nova-bz.org\/wp-content\/uploads\/letter-avatar\/89447b63e34eed18e78ad5bab8ac5fcb.svg","caption":"Redaktion Redazione"}},false]}},"yasr_visitor_votes":{"stars_attributes":{"read_only":false,"span_bottom":false},"number_of_votes":0,"sum_votes":0},"jetpack_featured_media_url":"https:\/\/www.nova-bz.org\/wp-content\/uploads\/2026\/01\/braindrain.jpg","jetpack_sharing_enabled":true,"_links":{"self":[{"href":"https:\/\/www.nova-bz.org\/de\/wp-json\/wp\/v2\/posts\/6860","targetHints":{"allow":["GET"]}}],"collection":[{"href":"https:\/\/www.nova-bz.org\/de\/wp-json\/wp\/v2\/posts"}],"about":[{"href":"https:\/\/www.nova-bz.org\/de\/wp-json\/wp\/v2\/types\/post"}],"author":[{"embeddable":true,"href":"https:\/\/www.nova-bz.org\/de\/wp-json\/wp\/v2\/users\/36"}],"replies":[{"embeddable":true,"href":"https:\/\/www.nova-bz.org\/de\/wp-json\/wp\/v2\/comments?post=6860"}],"version-history":[{"count":1,"href":"https:\/\/www.nova-bz.org\/de\/wp-json\/wp\/v2\/posts\/6860\/revisions"}],"predecessor-version":[{"id":6861,"href":"https:\/\/www.nova-bz.org\/de\/wp-json\/wp\/v2\/posts\/6860\/revisions\/6861"}],"wp:featuredmedia":[{"embeddable":true,"href":"https:\/\/www.nova-bz.org\/de\/wp-json\/wp\/v2\/media\/6858"}],"wp:attachment":[{"href":"https:\/\/www.nova-bz.org\/de\/wp-json\/wp\/v2\/media?parent=6860"}],"wp:term":[{"taxonomy":"category","embeddable":true,"href":"https:\/\/www.nova-bz.org\/de\/wp-json\/wp\/v2\/categories?post=6860"},{"taxonomy":"post_tag","embeddable":true,"href":"https:\/\/www.nova-bz.org\/de\/wp-json\/wp\/v2\/tags?post=6860"}],"curies":[{"name":"wp","href":"https:\/\/api.w.org\/{rel}","templated":true}]}}