{"id":6689,"date":"2025-08-27T10:15:44","date_gmt":"2025-08-27T08:15:44","guid":{"rendered":"https:\/\/www.nova-bz.org\/?p=6689"},"modified":"2025-08-14T10:46:26","modified_gmt":"2025-08-14T08:46:26","slug":"digitalisierung-veraendert-alles","status":"publish","type":"post","link":"https:\/\/www.nova-bz.org\/de\/digitalisierung-veraendert-alles\/","title":{"rendered":"Digitalisierung ver\u00e4ndert alles \u2013 aber nicht f\u00fcr alle gleich"},"content":{"rendered":"\n<p><em>Die Digitalisierung hat einen Umbruch mit sich gebracht, stellt aber gar einige Menschen auch vor \u2013 mitunter un\u00fcberwindbare \u2013 Herausforderungen. Beispielsweise wenn sie mit neuen Tools nicht zurechtkommen. \u00dcber das Thema hat der S\u00fcdtiroler Landtag k\u00fcrzlich diskutiert.<\/em><\/p>\n\n\n\n<p>Dank der <strong>Digitalisierung<\/strong> gibt es zahlreiche<strong> Chancen<\/strong> und <strong>Vorteile<\/strong>, allen voran die einfache und schnelle Zug\u00e4nglichkeit zu Informationen (fast) unabh\u00e4ngig vom eigenen Standort oder die M\u00f6glichkeit der Erledigung von Amtsg\u00e4ngen au\u00dferhalb der g\u00e4ngigen B\u00fcro\u00f6ffnungszeiten von der Couch aus.<\/p>\n\n\n\n<p>Doch die Digitalisierung birgt auch <strong>Nachteile<\/strong>, etwa den sogenannten <strong>Digitalstress<\/strong> und die damit einher gehenden negativen Auswirkungen auf die Gesundheit der Menschen. Ein <a href=\"https:\/\/www.afi-ipl.org\/de\/afi_ipl_stampa\/digitalstress-vor-und-nachteile-der-digitalisierung\/\">AFI-Barometer<\/a> hat sich unl\u00e4ngst mit dem Thema befasst. Demnach sind m\u00f6gliche Folgen einer digitalen \u00dcberforderung \u201eein Gef\u00fchl von Machtlosigkeit bei der Kontrolle \u00fcber die digital verbrachte Zeit und den damit einhergehenden schrumpfenden pers\u00f6nlichen Freiraum, \u00dcberflutung mit Informationen auch aus verschiedenen Quellen, Vertrauensverlust und Einbu\u00dfe von Komfort bei der Verwendung von digitalen Technologien\u201c.<\/p>\n\n\n\n<h2 class=\"wp-block-heading\">Die Behandlung im Plenum<\/h2>\n\n\n\n<p>Der Landtagsabgeordnete <strong>Andreas Colli<\/strong> (Wir B\u00fcrger &#8211; Noi Cittadini &#8211; N\u00ebus Zitadins) hat das Thema Digitalisierung im <strong>Juli 2025<\/strong> im S\u00fcdtiroler Landtag <a href=\"https:\/\/www.landtag-bz.org\/de\/pressemitteilungen\/plenarsitzung-barrierefreies-bauen-digitalzwang-baustandards\">zur Diskussion gebracht<\/a>. In seinem Beschlussantrag \u201e<a href=\"https:\/\/www.nova-bz.org\/de\/glossar\/?letter=b\">Gegen den Digitalzwang \u2013 Recht auf analoges Leben \u2013 \u00dcbergangszeit<\/a>\u201c hei\u00dft es: \u201e<em>Mit der schnell fortschreitenden Digitalisierung k\u00f6nnen viele Menschen, vor allem jene der \u00e4lteren Generation, nicht mehr mithalten. Sie f\u00fchlen sich v\u00f6llig vergessen, \u00fcberfordert und zur\u00fcckgelassen.<\/em>\u201c<\/p>\n\n\n\n<p>Das, was der gr\u00f6\u00dfte Teil der Bev\u00f6lkerung also als praktisch und zielf\u00fchrend empfindet, stellt andere vor enorme Schwierigkeiten und manchmal sogar vor un\u00fcberbr\u00fcckbare Hindernisse. Deshalb forderte der Landtagsabgeordnete u.a., dass die Landesregierung pr\u00fcfen solle, wie in ihrem Zust\u00e4ndigkeitsbereich das Recht auf ein analoges Leben ohne strukturelle Nachteile in einem digitalisierten Zeitalter m\u00f6glich sei. Au\u00dferdem solle w\u00e4hrend einer \u00dcbergangszeit von 15 Jahren neben dem digitalen auch ein analoger Zugang zu F\u00f6rderungen, Anmeldungen, Leistungen und allen anderen Diensten gew\u00e4hrleistet bleiben.<\/p>\n\n\n\n<h2 class=\"wp-block-heading\">So lief die Debatte<\/h2>\n\n\n\n<p><strong>Sven Knoll<\/strong> (S\u00fcd-Tiroler Freiheit) teilte diesen Ansatz und unterstrich, digital leben k\u00f6nnen, aber nicht m\u00fcssen, sei die Zauberformel. Gerade die \u00f6ffentliche Verwaltung habe eine Dienstleistungsfunktion, die auch nicht digitalen Menschen zur Verf\u00fcgung stehen m\u00fcsse.<\/p>\n\n\n\n<p><strong>Paul K\u00f6llensperger<\/strong> (Team K) betonte, dass Digital Divide \u2013 die \u201edigitale Kluft\u201c \u2013 nicht nur f\u00fcr \u00e4ltere Menschen ein Thema sei, sondern etwa auch f\u00fcr Sch\u00fclerinnen und Sch\u00fcler, die daheim keinen digitalen Zugang h\u00e4tten.<\/p>\n\n\n\n<p><strong>Brigitte Foppa<\/strong> (Gr\u00fcne Fraktion \u2013 Gruppo verde \u2013 Grupa v\u00ebrda) merkte an, dass nicht das Neue verteufelt werden sollte, sondern viel eher dar\u00fcber nachgedacht, wie man den Menschen helfen k\u00f6nne, die sich damit schwertun.<\/p>\n\n\n\n<p><strong>Myriam Atz <\/strong>(S\u00fcd-Tiroler Freiheit) bezeichnete eine \u00dcbergangszeit von 15 Jahren als absolut gerechtfertigt.<\/p>\n\n\n\n<p><strong>Renate Holzeisen<\/strong> (Vita) erkl\u00e4rte, dass Freiheit immer Wahlm\u00f6glichkeiten voraussetze \u2013 der Trend aber derzeit dahingehe, diese Wahlm\u00f6glichkeit nicht mehr zu gew\u00e4hren. Auch sie kritisierte den digitalen Zwang.<\/p>\n\n\n\n<p><strong>Waltraud Deeg<\/strong> (SVP) stimmte dem zu, dass es keinen Zwang zur Digitalisierung geben solle, verwies aber zudem auf die vielen Chancen, die mit der Digitalisierung verbunden sind. Digitalisierung k\u00f6nne beispielsweise f\u00fcr \u00e4ltere Menschen eine Br\u00fccke sein, um Einsamkeit zu \u00fcberwinden.<\/p>\n\n\n\n<p>Landeshauptmann <strong>Arno Kompatscher<\/strong> bezeichnete das vorgebrachte Thema als sehr wichtig, erg\u00e4nzte aber, dass es der falsche Weg w\u00e4re, auf dem analogen Weg parallel weiterzumachen. Dann st\u00fcnde man n\u00e4mlich in 15 Jahren vor demselben Problem. Die Digitalisierung biete Vorteile, und man m\u00fcsse die Menschen dabei unterst\u00fctzen, damit umzugehen.<\/p>\n\n\n\n<p>Der Teil des Antrags, der das <strong>Recht auf ein analoges Leben und Schutz vor digitaler Diskriminierung<\/strong> fordert (Punkt 1) wurde mit gro\u00dfer Mehrheit angenommen. Die anderen Punkte wurden jeweils mehrheitlich abgelehnt.<\/p>\n\n\n\n<p><\/p>\n","protected":false},"excerpt":{"rendered":"<p>Die Digitalisierung hat einen Umbruch mit sich gebracht, stellt aber gar einige Menschen auch vor \u2013 mitunter un\u00fcberwindbare \u2013 Herausforderungen. \u00dcber das Thema hat der S\u00fcdtiroler Landtag diskutiert.<\/p>\n","protected":false},"author":36,"featured_media":6687,"comment_status":"open","ping_status":"closed","sticky":false,"template":"","format":"standard","meta":{"_acf_changed":false,"yasr_overall_rating":0,"yasr_post_is_review":"","yasr_auto_insert_disabled":"","yasr_review_type":"BlogPosting","_jetpack_memberships_contains_paid_content":false,"footnotes":""},"categories":[58,228,226,234,230],"tags":[455,95],"class_list":["post-6689","post","type-post","status-publish","format-standard","has-post-thumbnail","hentry","category-aktuelles","category-gesellschaft","category-gesundheit","category-landtag","category-politik","tag-ausgrenzung","tag-landtag"],"acf":[],"yoast_head":"<!-- This site is optimized with the Yoast SEO plugin v25.3.1 - https:\/\/yoast.com\/wordpress\/plugins\/seo\/ -->\n<title>Digitalisierung ver\u00e4ndert alles \u2013 aber nicht f\u00fcr alle gleich - Nova<\/title>\n<meta name=\"description\" content=\"Die Digitalisierung stellt einige Menschen vor un\u00fcberwindbare Herausforderungen. \u00dcber das Thema hat der S\u00fcdtiroler Landtag diskutiert.\" \/>\n<meta name=\"robots\" content=\"index, follow, max-snippet:-1, max-image-preview:large, max-video-preview:-1\" \/>\n<link rel=\"canonical\" href=\"https:\/\/www.nova-bz.org\/digitalizzazione-cambia-tutto\/\" \/>\n<meta property=\"og:locale\" content=\"de_DE\" \/>\n<meta property=\"og:type\" content=\"article\" \/>\n<meta property=\"og:title\" content=\"Digitalisierung ver\u00e4ndert alles \u2013 aber nicht f\u00fcr alle gleich\" \/>\n<meta property=\"og:description\" content=\"Die Digitalisierung hat einen Umbruch mit sich gebracht, stellt aber gar einige Menschen auch vor \u2013 mitunter un\u00fcberwindbare \u2013 Herausforderungen. \u00dcber das Thema hat der S\u00fcdtiroler Landtag diskutiert.\" \/>\n<meta property=\"og:url\" content=\"https:\/\/www.nova-bz.org\/digitalizzazione-cambia-tutto\/\" \/>\n<meta property=\"og:site_name\" content=\"Nova\" \/>\n<meta property=\"article:publisher\" content=\"https:\/\/www.facebook.com\/novabz.org\" \/>\n<meta property=\"article:published_time\" content=\"2025-08-27T08:15:44+00:00\" \/>\n<meta property=\"og:image\" content=\"https:\/\/www.nova-bz.org\/wp-content\/uploads\/2025\/08\/digitalisierung-verandert-alles.jpg\" \/>\n\t<meta property=\"og:image:width\" content=\"1920\" \/>\n\t<meta property=\"og:image:height\" content=\"1275\" \/>\n\t<meta property=\"og:image:type\" content=\"image\/jpeg\" \/>\n<meta name=\"author\" content=\"Redaktion Redazione\" \/>\n<meta name=\"twitter:card\" content=\"summary_large_image\" \/>\n<meta name=\"twitter:title\" content=\"Digitalisierung ver\u00e4ndert alles \u2013 aber nicht f\u00fcr alle gleich\" \/>\n<meta name=\"twitter:description\" content=\"Die Digitalisierung hat einen Umbruch mit sich gebracht, stellt aber gar einige Menschen auch vor \u2013 mitunter un\u00fcberwindbare \u2013 Herausforderungen. \u00dcber das Thema hat der S\u00fcdtiroler Landtag diskutiert.\" \/>\n<meta name=\"twitter:image\" content=\"https:\/\/www.nova-bz.org\/wp-content\/uploads\/2025\/08\/digitalisierung-verandert-alles.jpg\" \/>\n<meta name=\"twitter:creator\" content=\"@nova_bz_org\" \/>\n<meta name=\"twitter:site\" content=\"@nova_bz_org\" \/>\n<meta name=\"twitter:label1\" content=\"Verfasst von\" \/>\n\t<meta name=\"twitter:data1\" content=\"Redaktion Redazione\" \/>\n\t<meta name=\"twitter:label2\" content=\"Gesch\u00e4tzte Lesezeit\" \/>\n\t<meta name=\"twitter:data2\" content=\"4\u00a0Minuten\" \/>\n<script type=\"application\/ld+json\" class=\"yoast-schema-graph\">{\"@context\":\"https:\/\/schema.org\",\"@graph\":[{\"@type\":\"WebPage\",\"@id\":\"https:\/\/www.nova-bz.org\/digitalizzazione-cambia-tutto\/\",\"url\":\"https:\/\/www.nova-bz.org\/digitalizzazione-cambia-tutto\/\",\"name\":\"Digitalisierung ver\u00e4ndert alles \u2013 aber nicht f\u00fcr alle gleich - Nova\",\"isPartOf\":{\"@id\":\"https:\/\/www.nova-bz.org\/#website\"},\"primaryImageOfPage\":{\"@id\":\"https:\/\/www.nova-bz.org\/digitalizzazione-cambia-tutto\/#primaryimage\"},\"image\":{\"@id\":\"https:\/\/www.nova-bz.org\/digitalizzazione-cambia-tutto\/#primaryimage\"},\"thumbnailUrl\":\"https:\/\/www.nova-bz.org\/wp-content\/uploads\/2025\/08\/digitalisierung-verandert-alles.jpg\",\"datePublished\":\"2025-08-27T08:15:44+00:00\",\"author\":{\"@id\":\"https:\/\/www.nova-bz.org\/#\/schema\/person\/1f1e3510379e98497d26e0f268d316c9\"},\"description\":\"Die Digitalisierung stellt einige Menschen vor un\u00fcberwindbare Herausforderungen. \u00dcber das Thema hat der S\u00fcdtiroler Landtag diskutiert.\",\"breadcrumb\":{\"@id\":\"https:\/\/www.nova-bz.org\/digitalizzazione-cambia-tutto\/#breadcrumb\"},\"inLanguage\":\"de\",\"potentialAction\":[{\"@type\":\"ReadAction\",\"target\":[\"https:\/\/www.nova-bz.org\/digitalizzazione-cambia-tutto\/\"]}]},{\"@type\":\"ImageObject\",\"inLanguage\":\"de\",\"@id\":\"https:\/\/www.nova-bz.org\/digitalizzazione-cambia-tutto\/#primaryimage\",\"url\":\"https:\/\/www.nova-bz.org\/wp-content\/uploads\/2025\/08\/digitalisierung-verandert-alles.jpg\",\"contentUrl\":\"https:\/\/www.nova-bz.org\/wp-content\/uploads\/2025\/08\/digitalisierung-verandert-alles.jpg\",\"width\":1920,\"height\":1275,\"caption\":\"Digitalizzazione e stress digitale\"},{\"@type\":\"BreadcrumbList\",\"@id\":\"https:\/\/www.nova-bz.org\/digitalizzazione-cambia-tutto\/#breadcrumb\",\"itemListElement\":[{\"@type\":\"ListItem\",\"position\":1,\"name\":\"Home\",\"item\":\"https:\/\/www.nova-bz.org\/de\/\"},{\"@type\":\"ListItem\",\"position\":2,\"name\":\"Digitalisierung ver\u00e4ndert alles \u2013 aber nicht f\u00fcr alle gleich\"}]},{\"@type\":\"WebSite\",\"@id\":\"https:\/\/www.nova-bz.org\/#website\",\"url\":\"https:\/\/www.nova-bz.org\/\",\"name\":\"Nova\",\"description\":\"Wir m\u00f6chten Dich f\u00fcr Politik begeistern\",\"potentialAction\":[{\"@type\":\"SearchAction\",\"target\":{\"@type\":\"EntryPoint\",\"urlTemplate\":\"https:\/\/www.nova-bz.org\/?s={search_term_string}\"},\"query-input\":{\"@type\":\"PropertyValueSpecification\",\"valueRequired\":true,\"valueName\":\"search_term_string\"}}],\"inLanguage\":\"de\"},{\"@type\":\"Person\",\"@id\":\"https:\/\/www.nova-bz.org\/#\/schema\/person\/1f1e3510379e98497d26e0f268d316c9\",\"name\":\"Redaktion Redazione\",\"image\":{\"@type\":\"ImageObject\",\"inLanguage\":\"de\",\"@id\":\"https:\/\/www.nova-bz.org\/#\/schema\/person\/image\/\",\"url\":\"https:\/\/www.nova-bz.org\/wp-content\/uploads\/letter-avatar\/89447b63e34eed18e78ad5bab8ac5fcb.svg\",\"contentUrl\":\"https:\/\/www.nova-bz.org\/wp-content\/uploads\/letter-avatar\/89447b63e34eed18e78ad5bab8ac5fcb.svg\",\"caption\":\"Redaktion Redazione\"}},false]}<\/script>\n<!-- \/ Yoast SEO plugin. -->","yoast_head_json":{"title":"Digitalisierung ver\u00e4ndert alles \u2013 aber nicht f\u00fcr alle gleich - Nova","description":"Die Digitalisierung stellt einige Menschen vor un\u00fcberwindbare Herausforderungen. \u00dcber das Thema hat der S\u00fcdtiroler Landtag diskutiert.","robots":{"index":"index","follow":"follow","max-snippet":"max-snippet:-1","max-image-preview":"max-image-preview:large","max-video-preview":"max-video-preview:-1"},"canonical":"https:\/\/www.nova-bz.org\/digitalizzazione-cambia-tutto\/","og_locale":"de_DE","og_type":"article","og_title":"Digitalisierung ver\u00e4ndert alles \u2013 aber nicht f\u00fcr alle gleich","og_description":"Die Digitalisierung hat einen Umbruch mit sich gebracht, stellt aber gar einige Menschen auch vor \u2013 mitunter un\u00fcberwindbare \u2013 Herausforderungen. \u00dcber das Thema hat der S\u00fcdtiroler Landtag diskutiert.","og_url":"https:\/\/www.nova-bz.org\/digitalizzazione-cambia-tutto\/","og_site_name":"Nova","article_publisher":"https:\/\/www.facebook.com\/novabz.org","article_published_time":"2025-08-27T08:15:44+00:00","og_image":[{"width":1920,"height":1275,"url":"https:\/\/www.nova-bz.org\/wp-content\/uploads\/2025\/08\/digitalisierung-verandert-alles.jpg","type":"image\/jpeg"}],"author":"Redaktion Redazione","twitter_card":"summary_large_image","twitter_title":"Digitalisierung ver\u00e4ndert alles \u2013 aber nicht f\u00fcr alle gleich","twitter_description":"Die Digitalisierung hat einen Umbruch mit sich gebracht, stellt aber gar einige Menschen auch vor \u2013 mitunter un\u00fcberwindbare \u2013 Herausforderungen. \u00dcber das Thema hat der S\u00fcdtiroler Landtag diskutiert.","twitter_image":"https:\/\/www.nova-bz.org\/wp-content\/uploads\/2025\/08\/digitalisierung-verandert-alles.jpg","twitter_creator":"@nova_bz_org","twitter_site":"@nova_bz_org","twitter_misc":{"Verfasst von":"Redaktion Redazione","Gesch\u00e4tzte Lesezeit":"4\u00a0Minuten"},"schema":{"@context":"https:\/\/schema.org","@graph":[{"@type":"WebPage","@id":"https:\/\/www.nova-bz.org\/digitalizzazione-cambia-tutto\/","url":"https:\/\/www.nova-bz.org\/digitalizzazione-cambia-tutto\/","name":"Digitalisierung ver\u00e4ndert alles \u2013 aber nicht f\u00fcr alle gleich - Nova","isPartOf":{"@id":"https:\/\/www.nova-bz.org\/#website"},"primaryImageOfPage":{"@id":"https:\/\/www.nova-bz.org\/digitalizzazione-cambia-tutto\/#primaryimage"},"image":{"@id":"https:\/\/www.nova-bz.org\/digitalizzazione-cambia-tutto\/#primaryimage"},"thumbnailUrl":"https:\/\/www.nova-bz.org\/wp-content\/uploads\/2025\/08\/digitalisierung-verandert-alles.jpg","datePublished":"2025-08-27T08:15:44+00:00","author":{"@id":"https:\/\/www.nova-bz.org\/#\/schema\/person\/1f1e3510379e98497d26e0f268d316c9"},"description":"Die Digitalisierung stellt einige Menschen vor un\u00fcberwindbare Herausforderungen. \u00dcber das Thema hat der S\u00fcdtiroler Landtag diskutiert.","breadcrumb":{"@id":"https:\/\/www.nova-bz.org\/digitalizzazione-cambia-tutto\/#breadcrumb"},"inLanguage":"de","potentialAction":[{"@type":"ReadAction","target":["https:\/\/www.nova-bz.org\/digitalizzazione-cambia-tutto\/"]}]},{"@type":"ImageObject","inLanguage":"de","@id":"https:\/\/www.nova-bz.org\/digitalizzazione-cambia-tutto\/#primaryimage","url":"https:\/\/www.nova-bz.org\/wp-content\/uploads\/2025\/08\/digitalisierung-verandert-alles.jpg","contentUrl":"https:\/\/www.nova-bz.org\/wp-content\/uploads\/2025\/08\/digitalisierung-verandert-alles.jpg","width":1920,"height":1275,"caption":"Digitalizzazione e stress digitale"},{"@type":"BreadcrumbList","@id":"https:\/\/www.nova-bz.org\/digitalizzazione-cambia-tutto\/#breadcrumb","itemListElement":[{"@type":"ListItem","position":1,"name":"Home","item":"https:\/\/www.nova-bz.org\/de\/"},{"@type":"ListItem","position":2,"name":"Digitalisierung ver\u00e4ndert alles \u2013 aber nicht f\u00fcr alle gleich"}]},{"@type":"WebSite","@id":"https:\/\/www.nova-bz.org\/#website","url":"https:\/\/www.nova-bz.org\/","name":"Nova","description":"Wir m\u00f6chten Dich f\u00fcr Politik begeistern","potentialAction":[{"@type":"SearchAction","target":{"@type":"EntryPoint","urlTemplate":"https:\/\/www.nova-bz.org\/?s={search_term_string}"},"query-input":{"@type":"PropertyValueSpecification","valueRequired":true,"valueName":"search_term_string"}}],"inLanguage":"de"},{"@type":"Person","@id":"https:\/\/www.nova-bz.org\/#\/schema\/person\/1f1e3510379e98497d26e0f268d316c9","name":"Redaktion Redazione","image":{"@type":"ImageObject","inLanguage":"de","@id":"https:\/\/www.nova-bz.org\/#\/schema\/person\/image\/","url":"https:\/\/www.nova-bz.org\/wp-content\/uploads\/letter-avatar\/89447b63e34eed18e78ad5bab8ac5fcb.svg","contentUrl":"https:\/\/www.nova-bz.org\/wp-content\/uploads\/letter-avatar\/89447b63e34eed18e78ad5bab8ac5fcb.svg","caption":"Redaktion Redazione"}},false]}},"yasr_visitor_votes":{"stars_attributes":{"read_only":false,"span_bottom":false},"number_of_votes":0,"sum_votes":0},"jetpack_featured_media_url":"https:\/\/www.nova-bz.org\/wp-content\/uploads\/2025\/08\/digitalisierung-verandert-alles.jpg","jetpack_sharing_enabled":true,"_links":{"self":[{"href":"https:\/\/www.nova-bz.org\/de\/wp-json\/wp\/v2\/posts\/6689","targetHints":{"allow":["GET"]}}],"collection":[{"href":"https:\/\/www.nova-bz.org\/de\/wp-json\/wp\/v2\/posts"}],"about":[{"href":"https:\/\/www.nova-bz.org\/de\/wp-json\/wp\/v2\/types\/post"}],"author":[{"embeddable":true,"href":"https:\/\/www.nova-bz.org\/de\/wp-json\/wp\/v2\/users\/36"}],"replies":[{"embeddable":true,"href":"https:\/\/www.nova-bz.org\/de\/wp-json\/wp\/v2\/comments?post=6689"}],"version-history":[{"count":1,"href":"https:\/\/www.nova-bz.org\/de\/wp-json\/wp\/v2\/posts\/6689\/revisions"}],"predecessor-version":[{"id":6690,"href":"https:\/\/www.nova-bz.org\/de\/wp-json\/wp\/v2\/posts\/6689\/revisions\/6690"}],"wp:featuredmedia":[{"embeddable":true,"href":"https:\/\/www.nova-bz.org\/de\/wp-json\/wp\/v2\/media\/6687"}],"wp:attachment":[{"href":"https:\/\/www.nova-bz.org\/de\/wp-json\/wp\/v2\/media?parent=6689"}],"wp:term":[{"taxonomy":"category","embeddable":true,"href":"https:\/\/www.nova-bz.org\/de\/wp-json\/wp\/v2\/categories?post=6689"},{"taxonomy":"post_tag","embeddable":true,"href":"https:\/\/www.nova-bz.org\/de\/wp-json\/wp\/v2\/tags?post=6689"}],"curies":[{"name":"wp","href":"https:\/\/api.w.org\/{rel}","templated":true}]}}