{"id":6640,"date":"2025-04-23T12:17:52","date_gmt":"2025-04-23T10:17:52","guid":{"rendered":"https:\/\/www.nova-bz.org\/?p=6640"},"modified":"2025-04-24T12:59:53","modified_gmt":"2025-04-24T10:59:53","slug":"poetry-slam","status":"publish","type":"post","link":"https:\/\/www.nova-bz.org\/de\/poetry-slam\/","title":{"rendered":"9. Mai, Poetry Slam im Landtag: Reservier dir deinen Platz im Publikum!"},"content":{"rendered":"\n<p>Am kommenden 9. Mai findet im S\u00fcdtiroler Landtag anl\u00e4sslich des Europatages ein Poetry Slam-Wettbewerb mit 9 S\u00fcdtiroler Slammerinnen und Slammern statt. Als Special Guests treten die Featuring Poets Gloria Riggio und Emil Kaschka, Protagonisten der internationalen Szene, und die S\u00fcdtiroler Jazzmusikerin Helga Plankensteiner auf. F\u00fcr das Publikum ist eine Online-Anmeldung erforderlich.<\/p>\n\n\n\n<p>Anl\u00e4sslich des <strong>Europatages, der am 9. Mai<\/strong> begangen wird, organisiert und veranstaltet der S\u00fcdtiroler Landtag einen <strong>Poetry Slam zum Thema \u201eChancen.Gerechtigkeit\u201c.<\/strong><\/p>\n\n\n\n<p>Am Wettbewerb nehmen <strong>neun Slammerinnen und Slammer aus S\u00fcdtirol teil: Maria Fliri, Matteo Yomer Jamunno, Team Olivia Kaufmann und Andreas Kofler, Silvia Manzardo, Nathan der Nice, Nadia Rungger, Lena Simonetti und Seamus Wimhurst<\/strong>.<\/p>\n\n\n\n<p>Au\u00dferhalb des Wettbewerbs werden auch <strong>zwei Poet:nnen aus dem Trentino und aus Tirol<\/strong> auftreten, Protagonist:innen der Szene auf nationaler und europ\u00e4ischer Ebene: <strong>Gloria Riggio<\/strong>, Jahrgang 2000, italienische Poetry-Slam-Meisterin 2023 und Finalistin der Poetry-Slam-Weltmeisterschaft 2024 in Paris, bekannteste Vertreterin der Trentiner Szene, Autorin von in mehrere Sprachen \u00fcbersetzten Gedichtb\u00e4nden und Redakteurin der Zeitschrift f\u00fcr zeitgen\u00f6ssische Literatur \u201eInverso \u2013 Giornale di poesia\u201c, sowie <strong>Emil Kaschka<\/strong>, geboren 1996, Schriftsteller, Dramaturg und Filmautor, der soeben f\u00fcr 2025 und 2026 das Gro\u00dfe Literaturstipendium des Landes Tirol erhielt, amtierender Vize-Weltmeister im Poetry Slam und \u00f6sterreichischer Poetry-Slam-Meister 2023.<\/p>\n\n\n\n<p>Musikalisch begleitet wird der Abend von der S\u00fcdtiroler Jazzmusikerin <strong>Helga Plankensteiner<\/strong>. Die Moderation \u00fcbernimmt die Sprachk\u00fcnstlerin und Leitfigur der S\u00fcdtiroler Slamszene <strong>Lene Morgenstern<\/strong>.<\/p>\n\n\n\n<p>Das im Saal anwesende Publikum wird d<strong>ie Gewinnerin oder den Gewinner k\u00fcren, die oder der dann gemeinsam mit Riggio und Kaschka einen Text f\u00fcr die Er\u00f6ffnungsfeier des Dreier-Landtages<\/strong> am 11. Juni 2025 in Meran verfassen wird.<\/p>\n\n\n\n<p>Die Veranstaltung, die <strong>um 19 Uhr im S\u00fcdtiroler Landtag, Silvius-Magnago-Platz 6 in Bozen<\/strong> beginnt, ist \u00f6ffentlich und der Eintritt ist frei. Eine <strong>Anmeldung ist jedoch erforderlich<\/strong>, da die Anzahl der Pl\u00e4tze begrenzt ist. Pl\u00e4tze k\u00f6nnen <strong>ab sofort und solange die Pl\u00e4tze reichen, \u00fcber den Link<\/strong> <a href=\"https:\/\/bit.ly\/poetryslam2025\">https:\/\/bit.ly\/poetryslam2025<\/a> oder unter der Telefonnummer 0471 946260 reserviert werden.<\/p>\n\n\n\n<p><strong>Einlass zur Veranstaltung ist ab 18.15 Uhr<\/strong>. Im Anschluss an den Wettbewerb besteht die M\u00f6glichkeit, sich mit den Slammerinnen und Slammern auszutauschen.<\/p>\n\n\n\n<p><\/p>\n","protected":false},"excerpt":{"rendered":"<p>Am kommenden 9. Mai findet im S\u00fcdtiroler Landtag anl\u00e4sslich des Europatages ein Poetry Slam-Wettbewerb zum Thema &#8222;Chancen.Gerechtigkeit&#8220; statt. F\u00fcr das Publikum ist eine Online-Anmeldung erforderlich.<\/p>\n","protected":false},"author":36,"featured_media":6653,"comment_status":"open","ping_status":"closed","sticky":false,"template":"","format":"standard","meta":{"_acf_changed":false,"yasr_overall_rating":0,"yasr_post_is_review":"","yasr_auto_insert_disabled":"","yasr_review_type":"Event","_jetpack_memberships_contains_paid_content":false,"footnotes":""},"categories":[58,229,234],"tags":[269,278,442],"class_list":["post-6640","post","type-post","status-publish","format-standard","has-post-thumbnail","hentry","category-aktuelles","category-kultur","category-landtag","tag-europa-2","tag-kultur","tag-poetry-slam"],"acf":[],"yoast_head":"<!-- This site is optimized with the Yoast SEO plugin v25.3.1 - https:\/\/yoast.com\/wordpress\/plugins\/seo\/ -->\n<title>9. Mai, Poetry Slam im Landtag: Reservier dir deinen Platz!<\/title>\n<meta name=\"description\" content=\"Am kommenden 9. Mai findet im S\u00fcdtiroler Landtag ein Poetry Slam-Wettbewerb statt. F\u00fcr das Publikum ist eine Online-Anmeldung erforderlich.\" \/>\n<meta name=\"robots\" content=\"index, follow, max-snippet:-1, max-image-preview:large, max-video-preview:-1\" \/>\n<link rel=\"canonical\" href=\"https:\/\/www.nova-bz.org\/de\/poetry-slam\/\" \/>\n<meta property=\"og:locale\" content=\"de_DE\" \/>\n<meta property=\"og:type\" content=\"article\" \/>\n<meta property=\"og:title\" content=\"9. Mai, Poetry Slam im Landtag: Reservier dir deinen Platz im Publikum!\" \/>\n<meta property=\"og:description\" content=\"Am kommenden 9. Mai findet im S\u00fcdtiroler Landtag anl\u00e4sslich des Europatages ein Poetry Slam-Wettbewerb statt. F\u00fcr das Publikum ist eine Online-Anmeldung erforderlich.\" \/>\n<meta property=\"og:url\" content=\"https:\/\/www.nova-bz.org\/de\/poetry-slam\/\" \/>\n<meta property=\"og:site_name\" content=\"Nova\" \/>\n<meta property=\"article:publisher\" content=\"https:\/\/www.facebook.com\/novabz.org\" \/>\n<meta property=\"article:published_time\" content=\"2025-04-23T10:17:52+00:00\" \/>\n<meta property=\"article:modified_time\" content=\"2025-04-24T10:59:53+00:00\" \/>\n<meta property=\"og:image\" content=\"https:\/\/www.nova-bz.org\/wp-content\/uploads\/2021\/02\/facebook_image.png\" \/>\n\t<meta property=\"og:image:width\" content=\"1200\" \/>\n\t<meta property=\"og:image:height\" content=\"627\" \/>\n\t<meta property=\"og:image:type\" content=\"image\/png\" \/>\n<meta name=\"author\" content=\"Redaktion Redazione\" \/>\n<meta name=\"twitter:card\" content=\"summary_large_image\" \/>\n<meta name=\"twitter:title\" content=\"9. Mai, Poetry Slam im Landtag: Reservier dir deinen Platz im Publikum!\" \/>\n<meta name=\"twitter:description\" content=\"Am kommenden 9. Mai findet im S\u00fcdtiroler Landtag anl\u00e4sslich des Europatages ein Poetry Slam-Wettbewerb statt. F\u00fcr das Publikum ist eine Online-Anmeldung erforderlich.\" \/>\n<meta name=\"twitter:creator\" content=\"@nova_bz_org\" \/>\n<meta name=\"twitter:site\" content=\"@nova_bz_org\" \/>\n<meta name=\"twitter:label1\" content=\"Verfasst von\" \/>\n\t<meta name=\"twitter:data1\" content=\"Redaktion Redazione\" \/>\n\t<meta name=\"twitter:label2\" content=\"Gesch\u00e4tzte Lesezeit\" \/>\n\t<meta name=\"twitter:data2\" content=\"3\u00a0Minuten\" \/>\n<script type=\"application\/ld+json\" class=\"yoast-schema-graph\">{\"@context\":\"https:\/\/schema.org\",\"@graph\":[{\"@type\":\"WebPage\",\"@id\":\"https:\/\/www.nova-bz.org\/de\/poetry-slam\/\",\"url\":\"https:\/\/www.nova-bz.org\/de\/poetry-slam\/\",\"name\":\"9. Mai, Poetry Slam im Landtag: Reservier dir deinen Platz!\",\"isPartOf\":{\"@id\":\"https:\/\/www.nova-bz.org\/#website\"},\"primaryImageOfPage\":{\"@id\":\"https:\/\/www.nova-bz.org\/de\/poetry-slam\/#primaryimage\"},\"image\":{\"@id\":\"https:\/\/www.nova-bz.org\/de\/poetry-slam\/#primaryimage\"},\"thumbnailUrl\":\"https:\/\/www.nova-bz.org\/wp-content\/uploads\/2025\/04\/04-08-Flyer-A5-OK_page-0001-1.jpg\",\"datePublished\":\"2025-04-23T10:17:52+00:00\",\"dateModified\":\"2025-04-24T10:59:53+00:00\",\"author\":{\"@id\":\"https:\/\/www.nova-bz.org\/#\/schema\/person\/1f1e3510379e98497d26e0f268d316c9\"},\"description\":\"Am kommenden 9. Mai findet im S\u00fcdtiroler Landtag ein Poetry Slam-Wettbewerb statt. F\u00fcr das Publikum ist eine Online-Anmeldung erforderlich.\",\"breadcrumb\":{\"@id\":\"https:\/\/www.nova-bz.org\/de\/poetry-slam\/#breadcrumb\"},\"inLanguage\":\"de\",\"potentialAction\":[{\"@type\":\"ReadAction\",\"target\":[\"https:\/\/www.nova-bz.org\/de\/poetry-slam\/\"]}]},{\"@type\":\"ImageObject\",\"inLanguage\":\"de\",\"@id\":\"https:\/\/www.nova-bz.org\/de\/poetry-slam\/#primaryimage\",\"url\":\"https:\/\/www.nova-bz.org\/wp-content\/uploads\/2025\/04\/04-08-Flyer-A5-OK_page-0001-1.jpg\",\"contentUrl\":\"https:\/\/www.nova-bz.org\/wp-content\/uploads\/2025\/04\/04-08-Flyer-A5-OK_page-0001-1.jpg\",\"width\":875,\"height\":1241},{\"@type\":\"BreadcrumbList\",\"@id\":\"https:\/\/www.nova-bz.org\/de\/poetry-slam\/#breadcrumb\",\"itemListElement\":[{\"@type\":\"ListItem\",\"position\":1,\"name\":\"Home\",\"item\":\"https:\/\/www.nova-bz.org\/de\/\"},{\"@type\":\"ListItem\",\"position\":2,\"name\":\"9. Mai, Poetry Slam im Landtag: Reservier dir deinen Platz im Publikum!\"}]},{\"@type\":\"WebSite\",\"@id\":\"https:\/\/www.nova-bz.org\/#website\",\"url\":\"https:\/\/www.nova-bz.org\/\",\"name\":\"Nova\",\"description\":\"Wir m\u00f6chten Dich f\u00fcr Politik begeistern\",\"potentialAction\":[{\"@type\":\"SearchAction\",\"target\":{\"@type\":\"EntryPoint\",\"urlTemplate\":\"https:\/\/www.nova-bz.org\/?s={search_term_string}\"},\"query-input\":{\"@type\":\"PropertyValueSpecification\",\"valueRequired\":true,\"valueName\":\"search_term_string\"}}],\"inLanguage\":\"de\"},{\"@type\":\"Person\",\"@id\":\"https:\/\/www.nova-bz.org\/#\/schema\/person\/1f1e3510379e98497d26e0f268d316c9\",\"name\":\"Redaktion Redazione\",\"image\":{\"@type\":\"ImageObject\",\"inLanguage\":\"de\",\"@id\":\"https:\/\/www.nova-bz.org\/#\/schema\/person\/image\/\",\"url\":\"https:\/\/www.nova-bz.org\/wp-content\/uploads\/letter-avatar\/89447b63e34eed18e78ad5bab8ac5fcb.svg\",\"contentUrl\":\"https:\/\/www.nova-bz.org\/wp-content\/uploads\/letter-avatar\/89447b63e34eed18e78ad5bab8ac5fcb.svg\",\"caption\":\"Redaktion Redazione\"}},false]}<\/script>\n<!-- \/ Yoast SEO plugin. -->","yoast_head_json":{"title":"9. Mai, Poetry Slam im Landtag: Reservier dir deinen Platz!","description":"Am kommenden 9. Mai findet im S\u00fcdtiroler Landtag ein Poetry Slam-Wettbewerb statt. F\u00fcr das Publikum ist eine Online-Anmeldung erforderlich.","robots":{"index":"index","follow":"follow","max-snippet":"max-snippet:-1","max-image-preview":"max-image-preview:large","max-video-preview":"max-video-preview:-1"},"canonical":"https:\/\/www.nova-bz.org\/de\/poetry-slam\/","og_locale":"de_DE","og_type":"article","og_title":"9. Mai, Poetry Slam im Landtag: Reservier dir deinen Platz im Publikum!","og_description":"Am kommenden 9. Mai findet im S\u00fcdtiroler Landtag anl\u00e4sslich des Europatages ein Poetry Slam-Wettbewerb statt. F\u00fcr das Publikum ist eine Online-Anmeldung erforderlich.","og_url":"https:\/\/www.nova-bz.org\/de\/poetry-slam\/","og_site_name":"Nova","article_publisher":"https:\/\/www.facebook.com\/novabz.org","article_published_time":"2025-04-23T10:17:52+00:00","article_modified_time":"2025-04-24T10:59:53+00:00","og_image":[{"width":1200,"height":627,"url":"https:\/\/www.nova-bz.org\/wp-content\/uploads\/2021\/02\/facebook_image.png","type":"image\/png"}],"author":"Redaktion Redazione","twitter_card":"summary_large_image","twitter_title":"9. Mai, Poetry Slam im Landtag: Reservier dir deinen Platz im Publikum!","twitter_description":"Am kommenden 9. Mai findet im S\u00fcdtiroler Landtag anl\u00e4sslich des Europatages ein Poetry Slam-Wettbewerb statt. F\u00fcr das Publikum ist eine Online-Anmeldung erforderlich.","twitter_creator":"@nova_bz_org","twitter_site":"@nova_bz_org","twitter_misc":{"Verfasst von":"Redaktion Redazione","Gesch\u00e4tzte Lesezeit":"3\u00a0Minuten"},"schema":{"@context":"https:\/\/schema.org","@graph":[{"@type":"WebPage","@id":"https:\/\/www.nova-bz.org\/de\/poetry-slam\/","url":"https:\/\/www.nova-bz.org\/de\/poetry-slam\/","name":"9. Mai, Poetry Slam im Landtag: Reservier dir deinen Platz!","isPartOf":{"@id":"https:\/\/www.nova-bz.org\/#website"},"primaryImageOfPage":{"@id":"https:\/\/www.nova-bz.org\/de\/poetry-slam\/#primaryimage"},"image":{"@id":"https:\/\/www.nova-bz.org\/de\/poetry-slam\/#primaryimage"},"thumbnailUrl":"https:\/\/www.nova-bz.org\/wp-content\/uploads\/2025\/04\/04-08-Flyer-A5-OK_page-0001-1.jpg","datePublished":"2025-04-23T10:17:52+00:00","dateModified":"2025-04-24T10:59:53+00:00","author":{"@id":"https:\/\/www.nova-bz.org\/#\/schema\/person\/1f1e3510379e98497d26e0f268d316c9"},"description":"Am kommenden 9. Mai findet im S\u00fcdtiroler Landtag ein Poetry Slam-Wettbewerb statt. F\u00fcr das Publikum ist eine Online-Anmeldung erforderlich.","breadcrumb":{"@id":"https:\/\/www.nova-bz.org\/de\/poetry-slam\/#breadcrumb"},"inLanguage":"de","potentialAction":[{"@type":"ReadAction","target":["https:\/\/www.nova-bz.org\/de\/poetry-slam\/"]}]},{"@type":"ImageObject","inLanguage":"de","@id":"https:\/\/www.nova-bz.org\/de\/poetry-slam\/#primaryimage","url":"https:\/\/www.nova-bz.org\/wp-content\/uploads\/2025\/04\/04-08-Flyer-A5-OK_page-0001-1.jpg","contentUrl":"https:\/\/www.nova-bz.org\/wp-content\/uploads\/2025\/04\/04-08-Flyer-A5-OK_page-0001-1.jpg","width":875,"height":1241},{"@type":"BreadcrumbList","@id":"https:\/\/www.nova-bz.org\/de\/poetry-slam\/#breadcrumb","itemListElement":[{"@type":"ListItem","position":1,"name":"Home","item":"https:\/\/www.nova-bz.org\/de\/"},{"@type":"ListItem","position":2,"name":"9. Mai, Poetry Slam im Landtag: Reservier dir deinen Platz im Publikum!"}]},{"@type":"WebSite","@id":"https:\/\/www.nova-bz.org\/#website","url":"https:\/\/www.nova-bz.org\/","name":"Nova","description":"Wir m\u00f6chten Dich f\u00fcr Politik begeistern","potentialAction":[{"@type":"SearchAction","target":{"@type":"EntryPoint","urlTemplate":"https:\/\/www.nova-bz.org\/?s={search_term_string}"},"query-input":{"@type":"PropertyValueSpecification","valueRequired":true,"valueName":"search_term_string"}}],"inLanguage":"de"},{"@type":"Person","@id":"https:\/\/www.nova-bz.org\/#\/schema\/person\/1f1e3510379e98497d26e0f268d316c9","name":"Redaktion Redazione","image":{"@type":"ImageObject","inLanguage":"de","@id":"https:\/\/www.nova-bz.org\/#\/schema\/person\/image\/","url":"https:\/\/www.nova-bz.org\/wp-content\/uploads\/letter-avatar\/89447b63e34eed18e78ad5bab8ac5fcb.svg","contentUrl":"https:\/\/www.nova-bz.org\/wp-content\/uploads\/letter-avatar\/89447b63e34eed18e78ad5bab8ac5fcb.svg","caption":"Redaktion Redazione"}},false]}},"yasr_visitor_votes":{"stars_attributes":{"read_only":false,"span_bottom":false},"number_of_votes":0,"sum_votes":0},"jetpack_featured_media_url":"https:\/\/www.nova-bz.org\/wp-content\/uploads\/2025\/04\/04-08-Flyer-A5-OK_page-0001-1.jpg","jetpack_sharing_enabled":true,"_links":{"self":[{"href":"https:\/\/www.nova-bz.org\/de\/wp-json\/wp\/v2\/posts\/6640","targetHints":{"allow":["GET"]}}],"collection":[{"href":"https:\/\/www.nova-bz.org\/de\/wp-json\/wp\/v2\/posts"}],"about":[{"href":"https:\/\/www.nova-bz.org\/de\/wp-json\/wp\/v2\/types\/post"}],"author":[{"embeddable":true,"href":"https:\/\/www.nova-bz.org\/de\/wp-json\/wp\/v2\/users\/36"}],"replies":[{"embeddable":true,"href":"https:\/\/www.nova-bz.org\/de\/wp-json\/wp\/v2\/comments?post=6640"}],"version-history":[{"count":1,"href":"https:\/\/www.nova-bz.org\/de\/wp-json\/wp\/v2\/posts\/6640\/revisions"}],"predecessor-version":[{"id":6643,"href":"https:\/\/www.nova-bz.org\/de\/wp-json\/wp\/v2\/posts\/6640\/revisions\/6643"}],"wp:featuredmedia":[{"embeddable":true,"href":"https:\/\/www.nova-bz.org\/de\/wp-json\/wp\/v2\/media\/6653"}],"wp:attachment":[{"href":"https:\/\/www.nova-bz.org\/de\/wp-json\/wp\/v2\/media?parent=6640"}],"wp:term":[{"taxonomy":"category","embeddable":true,"href":"https:\/\/www.nova-bz.org\/de\/wp-json\/wp\/v2\/categories?post=6640"},{"taxonomy":"post_tag","embeddable":true,"href":"https:\/\/www.nova-bz.org\/de\/wp-json\/wp\/v2\/tags?post=6640"}],"curies":[{"name":"wp","href":"https:\/\/api.w.org\/{rel}","templated":true}]}}