{"id":6556,"date":"2024-11-25T15:21:25","date_gmt":"2024-11-25T14:21:25","guid":{"rendered":"https:\/\/www.nova-bz.org\/?p=6556"},"modified":"2024-11-25T15:21:32","modified_gmt":"2024-11-25T14:21:32","slug":"der-besetzte-platz","status":"publish","type":"post","link":"https:\/\/www.nova-bz.org\/de\/der-besetzte-platz\/","title":{"rendered":"Der \u201ebesetzte Platz\u201c"},"content":{"rendered":"\n<p>\u201ePosto occupato\/Besetzter Platz&#8220; ist eine Sensibilisierungskampagne gegen Gewalt an Frauen, mit der die Leere aufgezeigt werden soll, die die vielen \u2013 zu vielen \u2013 Frauen hinterlassen, die Opfer von Femiziden und geschlechtsspezifischer Gewalt werden: Alleine von J\u00e4nner bis Oktober dieses Jahres waren es in Italien mehr als 80 Frauen (<a href=\"https:\/\/www.interno.gov.it\/it\/stampa-e-comunicazione\/dati-e-statistiche\/omicidi-volontari-e-violenza-genere\" target=\"_blank\" rel=\"noreferrer noopener\">Daten des Innenministeriums<\/a>). Die Initiative m\u00f6chte auf das schwerwiegende und dramatische Thema der Gewalt an Frauen aufmerksam machen, die oft im famili\u00e4ren oder \u201egef\u00fchlsm\u00e4\u00dfigen\u201c Umfeld geschieht, also von jenen ver\u00fcbt wird, die behaupten, die Frau zu lieben.<\/p>\n\n\n\n<p>Die gesamtstaatliche Kampagne \u201eBesetzter Platz\u201c wird anl\u00e4sslich des Internationalen Tages zur Beendigung der Gewalt gegen Frauen (auch Internationaler Tag gegen Gewalt an Frauen) am 25. November durchgef\u00fchrt, der 1999 von der UN-Generalversammlung ins Leben gerufen wurde, um allen Menschen bewusst zu machen und vor Augen zu f\u00fchren, dass es diese schrecklichen Ereignisse gibt und dass man sich ihnen entschieden entgegenstellen muss.<\/p>\n\n\n\n<p>Der S\u00fcdtiroler Landtag beteiligt sich, wie bereits mehrmals in der Vergangenheit, auch in diesem Jahr wieder an der Aktion \u201eBesetzter Platz\u201c. Dazu wird am Eingang zum Landtagsgeb\u00e4ude ein mit einer roten Decke umh\u00fcllter Stuhl aufgestellt, auf dem bzw. um den verschiedene \u201eweibliche\u201c Accessoires drapiert werden.<\/p>\n\n\n\n<p>\u201eEs ist unbedingt notwendig, dass geschlechtsspezifische Gewalt aus dem Privaten, wo Frauen diese h\u00e4ufig erleben, herausgeholt wird und die Aufmerksamkeit erh\u00e4lt, die es braucht, um gegen das gesellschaftlich noch immer zu weit verbreitete Ph\u00e4nomen anzugehen\u201c, unterstreicht Landtagspr\u00e4sident Arnold Schuler. \u201eJede und jeder einzelne ist gefordert, das in ihrem bzw. seinen M\u00f6glichkeiten stehende gegen Gewalt an Frauen zu unternehmen. Um daf\u00fcr zu sensibilisieren, beteiligt sich der Landtag auch in diesem Jahr wieder an der Kampagne \u201aBesetzter Stuhl\u2018.\u201c<\/p>\n\n\n\n<p>In diesem Sinne ist der Landtag zudem auch Teil der Kampagne \u201e<a href=\"https:\/\/gegengewalt.bz.it\/de\/home\" target=\"_blank\" rel=\"noreferrer noopener\">S\u00fcdtirol schaut hin<\/a>\u201c. Diese wird vom Landesbeirat f\u00fcr Chancengleichheit f\u00fcr Frauen in Zusammenarbeit mit dem Frauenb\u00fcro und weiteren Partnerorganisationen organisiert, um die Bev\u00f6lkerung auf weniger bekannte Formen von Gewalt gegen Frauen aufmerksam zu machen, die oft nicht als \u201eGewalt\u201c erkannt werden, aber nicht weniger folgenreich sind, etwa sexistische Sprache und sexistischer Humor, die sexuelle Objektivierung in den Medien, Erziehung zu stereotypen Geschlechterrollen, Victim Blaming (Schuldzuweisung an das Opfer) und Catcalling (sexuelle Bel\u00e4stigung im \u00f6ffentlichen Raum).<\/p>\n\n\n\n<figure class=\"wp-block-video\"><video autoplay controls loop src=\"https:\/\/www.nova-bz.org\/wp-content\/uploads\/2024\/11\/Video-GIF-Sudtirol-schaut-hin.mp4\"><\/video><\/figure>\n","protected":false},"excerpt":{"rendered":"<p>Anl\u00e4sslich des Internationalen Tages zur Beseitigung der Gewalt gegen Frauen am 25. November beteiligt sich der S\u00fcdtiroler Landtag auch in diesem Jahr an der Sensibilisierungskampagne \u201ePosto occupato\/Besetzter Platz\u201c.<\/p>\n","protected":false},"author":36,"featured_media":6554,"comment_status":"open","ping_status":"closed","sticky":false,"template":"","format":"standard","meta":{"_acf_changed":false,"yasr_overall_rating":0,"yasr_post_is_review":"","yasr_auto_insert_disabled":"","yasr_review_type":"","_jetpack_memberships_contains_paid_content":false,"footnotes":""},"categories":[58,228],"tags":[325,375,391],"class_list":["post-6556","post","type-post","status-publish","format-standard","has-post-thumbnail","hentry","category-aktuelles","category-gesellschaft","tag-frauen","tag-gewalt-gegen-frauen","tag-menschenrechte"],"acf":[],"yoast_head":"<!-- This site is optimized with the Yoast SEO plugin v25.3.1 - https:\/\/yoast.com\/wordpress\/plugins\/seo\/ -->\n<title>Der \u201ebesetzte Platz\u201c - Nova<\/title>\n<meta name=\"description\" content=\"Anl\u00e4sslich des Internationalen Tages zur Beseitigung der Gewalt gegen Frauen am 25. November beteiligt sich der S\u00fcdtiroler Landtag auch in diesem Jahr an der Sensibilisierungskampagne \u201ePosto occupato\/Besetzter Platz\u201c.\" \/>\n<meta name=\"robots\" content=\"index, follow, max-snippet:-1, max-image-preview:large, max-video-preview:-1\" \/>\n<link rel=\"canonical\" href=\"https:\/\/www.nova-bz.org\/de\/der-besetzte-platz\/\" \/>\n<meta property=\"og:locale\" content=\"de_DE\" \/>\n<meta property=\"og:type\" content=\"article\" \/>\n<meta property=\"og:title\" content=\"Der \u201ebesetzte Platz\u201c\" \/>\n<meta property=\"og:description\" content=\"Anl\u00e4sslich des Internationalen Tages zur Beseitigung der Gewalt gegen Frauen am 25. November beteiligt sich der S\u00fcdtiroler Landtag auch in diesem Jahr an der Sensibilisierungskampagne \u201ePosto occupato\/Besetzter Platz\u201c.\" \/>\n<meta property=\"og:url\" content=\"https:\/\/www.nova-bz.org\/de\/der-besetzte-platz\/\" \/>\n<meta property=\"og:site_name\" content=\"Nova\" \/>\n<meta property=\"article:publisher\" content=\"https:\/\/www.facebook.com\/novabz.org\" \/>\n<meta property=\"article:published_time\" content=\"2024-11-25T14:21:25+00:00\" \/>\n<meta property=\"article:modified_time\" content=\"2024-11-25T14:21:32+00:00\" \/>\n<meta property=\"og:image\" content=\"https:\/\/www.nova-bz.org\/wp-content\/uploads\/2024\/11\/roterstuhl.jpg\" \/>\n\t<meta property=\"og:image:width\" content=\"2400\" \/>\n\t<meta property=\"og:image:height\" content=\"1800\" \/>\n\t<meta property=\"og:image:type\" content=\"image\/jpeg\" \/>\n<meta name=\"author\" content=\"Redaktion Redazione\" \/>\n<meta name=\"twitter:card\" content=\"summary_large_image\" \/>\n<meta name=\"twitter:title\" content=\"Der \u201ebesetzte Platz\u201c\" \/>\n<meta name=\"twitter:description\" content=\"Anl\u00e4sslich des Internationalen Tages zur Beseitigung der Gewalt gegen Frauen am 25. November beteiligt sich der S\u00fcdtiroler Landtag auch in diesem Jahr an der Sensibilisierungskampagne \u201ePosto occupato\/Besetzter Platz\u201c.\" \/>\n<meta name=\"twitter:image\" content=\"https:\/\/www.nova-bz.org\/wp-content\/uploads\/2024\/11\/roterstuhl.jpg\" \/>\n<meta name=\"twitter:creator\" content=\"@nova_bz_org\" \/>\n<meta name=\"twitter:site\" content=\"@nova_bz_org\" \/>\n<meta name=\"twitter:label1\" content=\"Verfasst von\" \/>\n\t<meta name=\"twitter:data1\" content=\"Redaktion Redazione\" \/>\n\t<meta name=\"twitter:label2\" content=\"Gesch\u00e4tzte Lesezeit\" \/>\n\t<meta name=\"twitter:data2\" content=\"3\u00a0Minuten\" \/>\n<script type=\"application\/ld+json\" class=\"yoast-schema-graph\">{\"@context\":\"https:\/\/schema.org\",\"@graph\":[{\"@type\":\"WebPage\",\"@id\":\"https:\/\/www.nova-bz.org\/de\/der-besetzte-platz\/\",\"url\":\"https:\/\/www.nova-bz.org\/de\/der-besetzte-platz\/\",\"name\":\"Der \u201ebesetzte Platz\u201c - Nova\",\"isPartOf\":{\"@id\":\"https:\/\/www.nova-bz.org\/#website\"},\"primaryImageOfPage\":{\"@id\":\"https:\/\/www.nova-bz.org\/de\/der-besetzte-platz\/#primaryimage\"},\"image\":{\"@id\":\"https:\/\/www.nova-bz.org\/de\/der-besetzte-platz\/#primaryimage\"},\"thumbnailUrl\":\"https:\/\/www.nova-bz.org\/wp-content\/uploads\/2024\/11\/roterstuhl.jpg\",\"datePublished\":\"2024-11-25T14:21:25+00:00\",\"dateModified\":\"2024-11-25T14:21:32+00:00\",\"author\":{\"@id\":\"https:\/\/www.nova-bz.org\/#\/schema\/person\/1f1e3510379e98497d26e0f268d316c9\"},\"description\":\"Anl\u00e4sslich des Internationalen Tages zur Beseitigung der Gewalt gegen Frauen am 25. November beteiligt sich der S\u00fcdtiroler Landtag auch in diesem Jahr an der Sensibilisierungskampagne \u201ePosto occupato\/Besetzter Platz\u201c.\",\"breadcrumb\":{\"@id\":\"https:\/\/www.nova-bz.org\/de\/der-besetzte-platz\/#breadcrumb\"},\"inLanguage\":\"de\",\"potentialAction\":[{\"@type\":\"ReadAction\",\"target\":[\"https:\/\/www.nova-bz.org\/de\/der-besetzte-platz\/\"]}]},{\"@type\":\"ImageObject\",\"inLanguage\":\"de\",\"@id\":\"https:\/\/www.nova-bz.org\/de\/der-besetzte-platz\/#primaryimage\",\"url\":\"https:\/\/www.nova-bz.org\/wp-content\/uploads\/2024\/11\/roterstuhl.jpg\",\"contentUrl\":\"https:\/\/www.nova-bz.org\/wp-content\/uploads\/2024\/11\/roterstuhl.jpg\",\"width\":2400,\"height\":1800},{\"@type\":\"BreadcrumbList\",\"@id\":\"https:\/\/www.nova-bz.org\/de\/der-besetzte-platz\/#breadcrumb\",\"itemListElement\":[{\"@type\":\"ListItem\",\"position\":1,\"name\":\"Home\",\"item\":\"https:\/\/www.nova-bz.org\/de\/\"},{\"@type\":\"ListItem\",\"position\":2,\"name\":\"Der \u201ebesetzte Platz\u201c\"}]},{\"@type\":\"WebSite\",\"@id\":\"https:\/\/www.nova-bz.org\/#website\",\"url\":\"https:\/\/www.nova-bz.org\/\",\"name\":\"Nova\",\"description\":\"Wir m\u00f6chten Dich f\u00fcr Politik begeistern\",\"potentialAction\":[{\"@type\":\"SearchAction\",\"target\":{\"@type\":\"EntryPoint\",\"urlTemplate\":\"https:\/\/www.nova-bz.org\/?s={search_term_string}\"},\"query-input\":{\"@type\":\"PropertyValueSpecification\",\"valueRequired\":true,\"valueName\":\"search_term_string\"}}],\"inLanguage\":\"de\"},{\"@type\":\"Person\",\"@id\":\"https:\/\/www.nova-bz.org\/#\/schema\/person\/1f1e3510379e98497d26e0f268d316c9\",\"name\":\"Redaktion Redazione\",\"image\":{\"@type\":\"ImageObject\",\"inLanguage\":\"de\",\"@id\":\"https:\/\/www.nova-bz.org\/#\/schema\/person\/image\/\",\"url\":\"https:\/\/www.nova-bz.org\/wp-content\/uploads\/letter-avatar\/89447b63e34eed18e78ad5bab8ac5fcb.svg\",\"contentUrl\":\"https:\/\/www.nova-bz.org\/wp-content\/uploads\/letter-avatar\/89447b63e34eed18e78ad5bab8ac5fcb.svg\",\"caption\":\"Redaktion Redazione\"}},false]}<\/script>\n<!-- \/ Yoast SEO plugin. -->","yoast_head_json":{"title":"Der \u201ebesetzte Platz\u201c - Nova","description":"Anl\u00e4sslich des Internationalen Tages zur Beseitigung der Gewalt gegen Frauen am 25. November beteiligt sich der S\u00fcdtiroler Landtag auch in diesem Jahr an der Sensibilisierungskampagne \u201ePosto occupato\/Besetzter Platz\u201c.","robots":{"index":"index","follow":"follow","max-snippet":"max-snippet:-1","max-image-preview":"max-image-preview:large","max-video-preview":"max-video-preview:-1"},"canonical":"https:\/\/www.nova-bz.org\/de\/der-besetzte-platz\/","og_locale":"de_DE","og_type":"article","og_title":"Der \u201ebesetzte Platz\u201c","og_description":"Anl\u00e4sslich des Internationalen Tages zur Beseitigung der Gewalt gegen Frauen am 25. November beteiligt sich der S\u00fcdtiroler Landtag auch in diesem Jahr an der Sensibilisierungskampagne \u201ePosto occupato\/Besetzter Platz\u201c.","og_url":"https:\/\/www.nova-bz.org\/de\/der-besetzte-platz\/","og_site_name":"Nova","article_publisher":"https:\/\/www.facebook.com\/novabz.org","article_published_time":"2024-11-25T14:21:25+00:00","article_modified_time":"2024-11-25T14:21:32+00:00","og_image":[{"width":2400,"height":1800,"url":"https:\/\/www.nova-bz.org\/wp-content\/uploads\/2024\/11\/roterstuhl.jpg","type":"image\/jpeg"}],"author":"Redaktion Redazione","twitter_card":"summary_large_image","twitter_title":"Der \u201ebesetzte Platz\u201c","twitter_description":"Anl\u00e4sslich des Internationalen Tages zur Beseitigung der Gewalt gegen Frauen am 25. November beteiligt sich der S\u00fcdtiroler Landtag auch in diesem Jahr an der Sensibilisierungskampagne \u201ePosto occupato\/Besetzter Platz\u201c.","twitter_image":"https:\/\/www.nova-bz.org\/wp-content\/uploads\/2024\/11\/roterstuhl.jpg","twitter_creator":"@nova_bz_org","twitter_site":"@nova_bz_org","twitter_misc":{"Verfasst von":"Redaktion Redazione","Gesch\u00e4tzte Lesezeit":"3\u00a0Minuten"},"schema":{"@context":"https:\/\/schema.org","@graph":[{"@type":"WebPage","@id":"https:\/\/www.nova-bz.org\/de\/der-besetzte-platz\/","url":"https:\/\/www.nova-bz.org\/de\/der-besetzte-platz\/","name":"Der \u201ebesetzte Platz\u201c - Nova","isPartOf":{"@id":"https:\/\/www.nova-bz.org\/#website"},"primaryImageOfPage":{"@id":"https:\/\/www.nova-bz.org\/de\/der-besetzte-platz\/#primaryimage"},"image":{"@id":"https:\/\/www.nova-bz.org\/de\/der-besetzte-platz\/#primaryimage"},"thumbnailUrl":"https:\/\/www.nova-bz.org\/wp-content\/uploads\/2024\/11\/roterstuhl.jpg","datePublished":"2024-11-25T14:21:25+00:00","dateModified":"2024-11-25T14:21:32+00:00","author":{"@id":"https:\/\/www.nova-bz.org\/#\/schema\/person\/1f1e3510379e98497d26e0f268d316c9"},"description":"Anl\u00e4sslich des Internationalen Tages zur Beseitigung der Gewalt gegen Frauen am 25. November beteiligt sich der S\u00fcdtiroler Landtag auch in diesem Jahr an der Sensibilisierungskampagne \u201ePosto occupato\/Besetzter Platz\u201c.","breadcrumb":{"@id":"https:\/\/www.nova-bz.org\/de\/der-besetzte-platz\/#breadcrumb"},"inLanguage":"de","potentialAction":[{"@type":"ReadAction","target":["https:\/\/www.nova-bz.org\/de\/der-besetzte-platz\/"]}]},{"@type":"ImageObject","inLanguage":"de","@id":"https:\/\/www.nova-bz.org\/de\/der-besetzte-platz\/#primaryimage","url":"https:\/\/www.nova-bz.org\/wp-content\/uploads\/2024\/11\/roterstuhl.jpg","contentUrl":"https:\/\/www.nova-bz.org\/wp-content\/uploads\/2024\/11\/roterstuhl.jpg","width":2400,"height":1800},{"@type":"BreadcrumbList","@id":"https:\/\/www.nova-bz.org\/de\/der-besetzte-platz\/#breadcrumb","itemListElement":[{"@type":"ListItem","position":1,"name":"Home","item":"https:\/\/www.nova-bz.org\/de\/"},{"@type":"ListItem","position":2,"name":"Der \u201ebesetzte Platz\u201c"}]},{"@type":"WebSite","@id":"https:\/\/www.nova-bz.org\/#website","url":"https:\/\/www.nova-bz.org\/","name":"Nova","description":"Wir m\u00f6chten Dich f\u00fcr Politik begeistern","potentialAction":[{"@type":"SearchAction","target":{"@type":"EntryPoint","urlTemplate":"https:\/\/www.nova-bz.org\/?s={search_term_string}"},"query-input":{"@type":"PropertyValueSpecification","valueRequired":true,"valueName":"search_term_string"}}],"inLanguage":"de"},{"@type":"Person","@id":"https:\/\/www.nova-bz.org\/#\/schema\/person\/1f1e3510379e98497d26e0f268d316c9","name":"Redaktion Redazione","image":{"@type":"ImageObject","inLanguage":"de","@id":"https:\/\/www.nova-bz.org\/#\/schema\/person\/image\/","url":"https:\/\/www.nova-bz.org\/wp-content\/uploads\/letter-avatar\/89447b63e34eed18e78ad5bab8ac5fcb.svg","contentUrl":"https:\/\/www.nova-bz.org\/wp-content\/uploads\/letter-avatar\/89447b63e34eed18e78ad5bab8ac5fcb.svg","caption":"Redaktion Redazione"}},false]}},"yasr_visitor_votes":{"stars_attributes":{"read_only":false,"span_bottom":false},"number_of_votes":0,"sum_votes":0},"jetpack_featured_media_url":"https:\/\/www.nova-bz.org\/wp-content\/uploads\/2024\/11\/roterstuhl.jpg","jetpack_sharing_enabled":true,"_links":{"self":[{"href":"https:\/\/www.nova-bz.org\/de\/wp-json\/wp\/v2\/posts\/6556","targetHints":{"allow":["GET"]}}],"collection":[{"href":"https:\/\/www.nova-bz.org\/de\/wp-json\/wp\/v2\/posts"}],"about":[{"href":"https:\/\/www.nova-bz.org\/de\/wp-json\/wp\/v2\/types\/post"}],"author":[{"embeddable":true,"href":"https:\/\/www.nova-bz.org\/de\/wp-json\/wp\/v2\/users\/36"}],"replies":[{"embeddable":true,"href":"https:\/\/www.nova-bz.org\/de\/wp-json\/wp\/v2\/comments?post=6556"}],"version-history":[{"count":1,"href":"https:\/\/www.nova-bz.org\/de\/wp-json\/wp\/v2\/posts\/6556\/revisions"}],"predecessor-version":[{"id":6557,"href":"https:\/\/www.nova-bz.org\/de\/wp-json\/wp\/v2\/posts\/6556\/revisions\/6557"}],"wp:featuredmedia":[{"embeddable":true,"href":"https:\/\/www.nova-bz.org\/de\/wp-json\/wp\/v2\/media\/6554"}],"wp:attachment":[{"href":"https:\/\/www.nova-bz.org\/de\/wp-json\/wp\/v2\/media?parent=6556"}],"wp:term":[{"taxonomy":"category","embeddable":true,"href":"https:\/\/www.nova-bz.org\/de\/wp-json\/wp\/v2\/categories?post=6556"},{"taxonomy":"post_tag","embeddable":true,"href":"https:\/\/www.nova-bz.org\/de\/wp-json\/wp\/v2\/tags?post=6556"}],"curies":[{"name":"wp","href":"https:\/\/api.w.org\/{rel}","templated":true}]}}