{"id":6498,"date":"2024-10-07T17:18:49","date_gmt":"2024-10-07T15:18:49","guid":{"rendered":"https:\/\/www.nova-bz.org\/?p=6498"},"modified":"2024-10-07T17:48:29","modified_gmt":"2024-10-07T15:48:29","slug":"monitoringausschuss","status":"publish","type":"post","link":"https:\/\/www.nova-bz.org\/de\/monitoringausschuss\/","title":{"rendered":"Beeintr\u00e4chtigung? Der Monitoringausschuss hilft, deine Rechte zu sch\u00fctzen"},"content":{"rendered":"\n<p>Die Mitglieder des <strong>S\u00fcdtiroler Monitoringausschusses f\u00fcr die Rechte von Menschen mit Behinderungen<\/strong> wurden vor Kurzem ernannt und werden bis zum Ende der laufenden Legislaturperiode des Landtages (2023-2028) im Amt bleiben. <strong>Hauptaufgabe<\/strong> des beim B\u00fcro der Gleichstellungsr\u00e4tin angesiedelten Organs ist, die <strong>Umsetzung der UN-Behindertenrechtskonvention in S\u00fcdtirol<\/strong> zu f\u00f6rdern und zu \u00fcberwachen. Der Ausschuss ist damit ein wichtiger Partner f\u00fcr den Landtag und die Landesregierung, um die Bed\u00fcrfnisse der Menschen mit Beeintr\u00e4chtigungen, einschlie\u00dflich junger Menschen, hervorzuheben, aber auch ein wertvoller Bezugspunkt f\u00fcr alle Menschen mit Behinderungen.<\/p>\n\n\n\n<p>Die derzeitigen Mitglieder des Monitoringausschusses sind: Michela Zippo, Heidi Ulm, Elisabeth Covi, Renate Maria Heissl, Giacomo Frapporti, Robert Mumelter, Sara Valentini, Greta Bortolotti, Ingrid Pfeifer, Sergio Piccinelli, Michael Markart und Vanessa Macchia sowie Gleichstellungsr\u00e4tin Brigitte Hofer als Ausschussvorsitzende und Christian Romano, Mitarbeiter des B\u00fcros der Gleichstellungsr\u00e4tin.<\/p>\n\n\n\n<p>Bei ihrer ersten internen Sitzung in Landtag in Bozen hat Arnold Schuler, der Pr\u00e4sident des S\u00fcdtiroler Landtages, unterstrichen, dass \u201eMenschen mit Beeintr\u00e4chtigungen ein wichtiger Teil der Gesellschaft sind \u2013 nicht nur zahlenm\u00e4\u00dfig, sondern auch in sozialer Hinsicht\u201c. Als Vater einer jungen Frau mit Beeintr\u00e4chtigung kenne er \u201edie Zugangsschwierigkeiten und die sozialen Herausforderungen, aber auch den Mehrwert, den diese Menschen mitbringen\u201d. Er sei \u00fcberzeugt davon, dass die Einbindung in der Gesellschaft wichtig sei, angefangen bei der schulischen Inklusion. \u201eDer Monitoringausschuss hat die wesentliche Aufgabe, die Rechte der Menschen mit Beeintr\u00e4chtigung zu verteidigen, Vorschl\u00e4ge auszuarbeiten und die Gesellschaft zu sensibilisieren; ich danke allen Mitgliedern, die sich dieser Aufgabe stellen\u201c, so Schuler.<\/p>\n\n\n\n<p>Auch Florian Zelger, Generalsekret\u00e4r des Landtages, hie\u00df die Mitglieder des S\u00fcdtiroler Monitoringausschusses f\u00fcr die Rechte von Menschen mit Behinderungen willkommen und sicherte ihnen die Unterst\u00fctzung der Institution zu. Ausschusspr\u00e4sidentin Brigitte Hofer begr\u00fc\u00dfte das Engagement und bezeichnete es als \u201estarkes Signal der Pr\u00e4senz und des Zuh\u00f6rens\u201c.<\/p>\n\n\n\n<p>Bei der Auftaktveranstaltung, die zum Teil der Vorbereitung der f\u00fcr 19. November 2024 in Bozen geplanten \u00f6ffentlichen Sitzung des Monitoringausschusses gewidmet war, waren auch Rosmarie Pamer, Landesr\u00e4tin f\u00fcr Sozialen Zusammenhalt, Familie, Senioren, Genossenschaften und Ehrenamt, und Hubert Messner, Landesrat f\u00fcr Gesundheitsvorsorge und Gesundheit, zu Gast. Den beiden wurden strategischen Forderungen in den Bereichen Familie und Gesundheit vorgestellt. Diese waren vom vorherigen S\u00fcdtiroler Monitoringausschuss f\u00fcr die Rechte von Menschen mit Behinderungen im Rahmen <a href=\"https:\/\/www.gleichstellungsraetin-bz.org\/news.asp?news_action=4&amp;news_article_id=678888\">der \u00f6ffentlichen Sitzung des Ausschusses im Oktober 2023<\/a> ausgearbeitet worden.<\/p>\n\n\n\n<p>Die Forderungen sind:<\/p>\n\n\n\n<ul class=\"wp-block-list\">\n<li>das Vorsehen einer Anlaufstelle, an die sich Familien von Menschen mit Behinderungen wenden k\u00f6nnen, um Informationen zu den Unterst\u00fctzungsangeboten zu erhalten;<\/li>\n\n\n\n<li>der Ausbau der pers\u00f6nlichen Assistenz und der sozialp\u00e4dagogischen Wohnbegleitung;<\/li>\n\n\n\n<li>die Aktivierung der Kompetenzstelle f\u00fcr personenzentrierte Wohnberatung auf Bezirksebene;<\/li>\n\n\n\n<li>die Umsetzung innovativer und inklusiver Wohnungsangebote mit Unterst\u00fctzung der Sozialdienste;<\/li>\n\n\n\n<li>die Aufstockung des Fachpersonals der Rehabilitationstherapeut:innen und der Ausbau des Fortbildungsangebotes zu den Themen Inklusion und Behinderung f\u00fcr das Gesundheitspersonal;<\/li>\n\n\n\n<li>die Verbesserung der Organisation und Koordination der Sozial- und Gesundheitsdienste.<\/li>\n<\/ul>\n\n\n\n<p>Die Landesregierungsmitglieder sicherten zu, sich f\u00fcr die L\u00f6sung der vorgebrachten Thematiken einsetzen zu wollen. \u201eDie Aufgabe des Monitoringausschusses ist genau diese\u201c, betonte Vorsitzende Hofer, \u201en\u00e4mlich die Forderungen nach Inklusion von Menschen mit Behinderungen voranzutreiben, damit sie ihr Recht auf volle Teilhabe zum Ausdruck bringen k\u00f6nnen. Dies wird unsere Aufgabe in den n\u00e4chsten f\u00fcnf Jahren sein. Der neue Monitoringausschuss wird alle verschiedenen Behinderungen und Altersgruppen abdecken, um alle Standpunkte zu ber\u00fccksichtigen. Wir werden uns vernetzen und zu aktuellen Themen Stellung beziehen.\u201c<\/p>\n\n\n\n<p><strong>Info<\/strong>: Die Gesch\u00e4ftsstelle des S\u00fcdtiroler Monitoringausschusses f\u00fcr die Rechte von Menschen mit Behinderungen ist beim B\u00fcro der Gleichstellungsr\u00e4tin angesiedelt und befindet sich in Bozen, Cavourstra\u00dfe 23\/c; eine Kontaktaufnahme ist per E-Mail (<a href=\"mailto:info@gleichstellungsraetin-bz.org\">info@gleichstellungsraetin-bz.org<\/a>) oder telefonisch (0471 946003) m\u00f6glich.<\/p>\n","protected":false},"excerpt":{"rendered":"<p>Menschen mit Behinderungen haben Rechte, die durch die entsprechende UN-Konvention von 2006 garantiert werden: In S\u00fcdtirol wacht der Monitoringausschuss \u00fcber die Einhaltung dieser wichtigen Charta. Unl\u00e4ngst wurden die Mitglieder des Organs f\u00fcr die kommenden f\u00fcnf Jahre ernannt.<\/p>\n","protected":false},"author":36,"featured_media":6504,"comment_status":"open","ping_status":"closed","sticky":false,"template":"","format":"standard","meta":{"_acf_changed":false,"yasr_overall_rating":0,"yasr_post_is_review":"","yasr_auto_insert_disabled":"","yasr_review_type":"","_jetpack_memberships_contains_paid_content":false,"footnotes":""},"categories":[58,228],"tags":[391,342],"class_list":["post-6498","post","type-post","status-publish","format-standard","has-post-thumbnail","hentry","category-aktuelles","category-gesellschaft","tag-menschenrechte","tag-soziale-ungleichheit"],"acf":[],"yoast_head":"<!-- This site is optimized with the Yoast SEO plugin v25.3.1 - https:\/\/yoast.com\/wordpress\/plugins\/seo\/ -->\n<title>Beeintr\u00e4chtigung? Der Monitoringausschuss hilft, deine Rechte zu sch\u00fctzen - Nova<\/title>\n<meta name=\"description\" content=\"Beeintr\u00e4chtigung? Der Monitoringausschuss hilft, deine Rechte zu sch\u00fctzen\" \/>\n<meta name=\"robots\" content=\"index, follow, max-snippet:-1, max-image-preview:large, max-video-preview:-1\" \/>\n<link rel=\"canonical\" href=\"https:\/\/www.nova-bz.org\/de\/monitoringausschuss\/\" \/>\n<meta property=\"og:locale\" content=\"de_DE\" \/>\n<meta property=\"og:type\" content=\"article\" \/>\n<meta property=\"og:title\" content=\"Beeintr\u00e4chtigung? Der Monitoringausschuss hilft, deine Rechte zu sch\u00fctzen\" \/>\n<meta property=\"og:description\" content=\"Menschen mit Behinderungen haben Rechte, die durch die entsprechende UN-Konvention von 2006 garantiert werden: In S\u00fcdtirol wacht der Monitoringausschuss \u00fcber die Einhaltung dieser wichtigen Charta. Unl\u00e4ngst wurden die Mitglieder des Organs f\u00fcr die kommenden f\u00fcnf Jahre ernannt.\" \/>\n<meta property=\"og:url\" content=\"https:\/\/www.nova-bz.org\/de\/monitoringausschuss\/\" \/>\n<meta property=\"og:site_name\" content=\"Nova\" \/>\n<meta property=\"article:publisher\" content=\"https:\/\/www.facebook.com\/novabz.org\" \/>\n<meta property=\"article:published_time\" content=\"2024-10-07T15:18:49+00:00\" \/>\n<meta property=\"article:modified_time\" content=\"2024-10-07T15:48:29+00:00\" \/>\n<meta property=\"og:image\" content=\"https:\/\/www.nova-bz.org\/wp-content\/uploads\/2024\/10\/monitoringaus.jpg\" \/>\n\t<meta property=\"og:image:width\" content=\"2400\" \/>\n\t<meta property=\"og:image:height\" content=\"1800\" \/>\n\t<meta property=\"og:image:type\" content=\"image\/jpeg\" \/>\n<meta name=\"author\" content=\"Redaktion Redazione\" \/>\n<meta name=\"twitter:card\" content=\"summary_large_image\" \/>\n<meta name=\"twitter:title\" content=\"Beeintr\u00e4chtigung? Der Monitoringausschuss hilft, deine Rechte zu sch\u00fctzen\" \/>\n<meta name=\"twitter:description\" content=\"Menschen mit Behinderungen haben Rechte, die durch die entsprechende UN-Konvention von 2006 garantiert werden: In S\u00fcdtirol wacht der Monitoringausschuss \u00fcber die Einhaltung dieser wichtigen Charta. Unl\u00e4ngst wurden die Mitglieder des Organs f\u00fcr die kommenden f\u00fcnf Jahre ernannt.\" \/>\n<meta name=\"twitter:image\" content=\"https:\/\/www.nova-bz.org\/wp-content\/uploads\/2024\/10\/monitoringaus.jpg\" \/>\n<meta name=\"twitter:creator\" content=\"@nova_bz_org\" \/>\n<meta name=\"twitter:site\" content=\"@nova_bz_org\" \/>\n<meta name=\"twitter:label1\" content=\"Verfasst von\" \/>\n\t<meta name=\"twitter:data1\" content=\"Redaktion Redazione\" \/>\n\t<meta name=\"twitter:label2\" content=\"Gesch\u00e4tzte Lesezeit\" \/>\n\t<meta name=\"twitter:data2\" content=\"4\u00a0Minuten\" \/>\n<script type=\"application\/ld+json\" class=\"yoast-schema-graph\">{\"@context\":\"https:\/\/schema.org\",\"@graph\":[{\"@type\":\"WebPage\",\"@id\":\"https:\/\/www.nova-bz.org\/de\/monitoringausschuss\/\",\"url\":\"https:\/\/www.nova-bz.org\/de\/monitoringausschuss\/\",\"name\":\"Beeintr\u00e4chtigung? Der Monitoringausschuss hilft, deine Rechte zu sch\u00fctzen - Nova\",\"isPartOf\":{\"@id\":\"https:\/\/www.nova-bz.org\/#website\"},\"primaryImageOfPage\":{\"@id\":\"https:\/\/www.nova-bz.org\/de\/monitoringausschuss\/#primaryimage\"},\"image\":{\"@id\":\"https:\/\/www.nova-bz.org\/de\/monitoringausschuss\/#primaryimage\"},\"thumbnailUrl\":\"https:\/\/www.nova-bz.org\/wp-content\/uploads\/2024\/10\/monitoringaus.jpg\",\"datePublished\":\"2024-10-07T15:18:49+00:00\",\"dateModified\":\"2024-10-07T15:48:29+00:00\",\"author\":{\"@id\":\"https:\/\/www.nova-bz.org\/#\/schema\/person\/1f1e3510379e98497d26e0f268d316c9\"},\"description\":\"Beeintr\u00e4chtigung? Der Monitoringausschuss hilft, deine Rechte zu sch\u00fctzen\",\"breadcrumb\":{\"@id\":\"https:\/\/www.nova-bz.org\/de\/monitoringausschuss\/#breadcrumb\"},\"inLanguage\":\"de\",\"potentialAction\":[{\"@type\":\"ReadAction\",\"target\":[\"https:\/\/www.nova-bz.org\/de\/monitoringausschuss\/\"]}]},{\"@type\":\"ImageObject\",\"inLanguage\":\"de\",\"@id\":\"https:\/\/www.nova-bz.org\/de\/monitoringausschuss\/#primaryimage\",\"url\":\"https:\/\/www.nova-bz.org\/wp-content\/uploads\/2024\/10\/monitoringaus.jpg\",\"contentUrl\":\"https:\/\/www.nova-bz.org\/wp-content\/uploads\/2024\/10\/monitoringaus.jpg\",\"width\":2400,\"height\":1800},{\"@type\":\"BreadcrumbList\",\"@id\":\"https:\/\/www.nova-bz.org\/de\/monitoringausschuss\/#breadcrumb\",\"itemListElement\":[{\"@type\":\"ListItem\",\"position\":1,\"name\":\"Home\",\"item\":\"https:\/\/www.nova-bz.org\/de\/\"},{\"@type\":\"ListItem\",\"position\":2,\"name\":\"Beeintr\u00e4chtigung? Der Monitoringausschuss hilft, deine Rechte zu sch\u00fctzen\"}]},{\"@type\":\"WebSite\",\"@id\":\"https:\/\/www.nova-bz.org\/#website\",\"url\":\"https:\/\/www.nova-bz.org\/\",\"name\":\"Nova\",\"description\":\"Wir m\u00f6chten Dich f\u00fcr Politik begeistern\",\"potentialAction\":[{\"@type\":\"SearchAction\",\"target\":{\"@type\":\"EntryPoint\",\"urlTemplate\":\"https:\/\/www.nova-bz.org\/?s={search_term_string}\"},\"query-input\":{\"@type\":\"PropertyValueSpecification\",\"valueRequired\":true,\"valueName\":\"search_term_string\"}}],\"inLanguage\":\"de\"},{\"@type\":\"Person\",\"@id\":\"https:\/\/www.nova-bz.org\/#\/schema\/person\/1f1e3510379e98497d26e0f268d316c9\",\"name\":\"Redaktion Redazione\",\"image\":{\"@type\":\"ImageObject\",\"inLanguage\":\"de\",\"@id\":\"https:\/\/www.nova-bz.org\/#\/schema\/person\/image\/\",\"url\":\"https:\/\/www.nova-bz.org\/wp-content\/uploads\/letter-avatar\/89447b63e34eed18e78ad5bab8ac5fcb.svg\",\"contentUrl\":\"https:\/\/www.nova-bz.org\/wp-content\/uploads\/letter-avatar\/89447b63e34eed18e78ad5bab8ac5fcb.svg\",\"caption\":\"Redaktion Redazione\"}},false]}<\/script>\n<!-- \/ Yoast SEO plugin. -->","yoast_head_json":{"title":"Beeintr\u00e4chtigung? Der Monitoringausschuss hilft, deine Rechte zu sch\u00fctzen - Nova","description":"Beeintr\u00e4chtigung? Der Monitoringausschuss hilft, deine Rechte zu sch\u00fctzen","robots":{"index":"index","follow":"follow","max-snippet":"max-snippet:-1","max-image-preview":"max-image-preview:large","max-video-preview":"max-video-preview:-1"},"canonical":"https:\/\/www.nova-bz.org\/de\/monitoringausschuss\/","og_locale":"de_DE","og_type":"article","og_title":"Beeintr\u00e4chtigung? Der Monitoringausschuss hilft, deine Rechte zu sch\u00fctzen","og_description":"Menschen mit Behinderungen haben Rechte, die durch die entsprechende UN-Konvention von 2006 garantiert werden: In S\u00fcdtirol wacht der Monitoringausschuss \u00fcber die Einhaltung dieser wichtigen Charta. Unl\u00e4ngst wurden die Mitglieder des Organs f\u00fcr die kommenden f\u00fcnf Jahre ernannt.","og_url":"https:\/\/www.nova-bz.org\/de\/monitoringausschuss\/","og_site_name":"Nova","article_publisher":"https:\/\/www.facebook.com\/novabz.org","article_published_time":"2024-10-07T15:18:49+00:00","article_modified_time":"2024-10-07T15:48:29+00:00","og_image":[{"width":2400,"height":1800,"url":"https:\/\/www.nova-bz.org\/wp-content\/uploads\/2024\/10\/monitoringaus.jpg","type":"image\/jpeg"}],"author":"Redaktion Redazione","twitter_card":"summary_large_image","twitter_title":"Beeintr\u00e4chtigung? Der Monitoringausschuss hilft, deine Rechte zu sch\u00fctzen","twitter_description":"Menschen mit Behinderungen haben Rechte, die durch die entsprechende UN-Konvention von 2006 garantiert werden: In S\u00fcdtirol wacht der Monitoringausschuss \u00fcber die Einhaltung dieser wichtigen Charta. Unl\u00e4ngst wurden die Mitglieder des Organs f\u00fcr die kommenden f\u00fcnf Jahre ernannt.","twitter_image":"https:\/\/www.nova-bz.org\/wp-content\/uploads\/2024\/10\/monitoringaus.jpg","twitter_creator":"@nova_bz_org","twitter_site":"@nova_bz_org","twitter_misc":{"Verfasst von":"Redaktion Redazione","Gesch\u00e4tzte Lesezeit":"4\u00a0Minuten"},"schema":{"@context":"https:\/\/schema.org","@graph":[{"@type":"WebPage","@id":"https:\/\/www.nova-bz.org\/de\/monitoringausschuss\/","url":"https:\/\/www.nova-bz.org\/de\/monitoringausschuss\/","name":"Beeintr\u00e4chtigung? Der Monitoringausschuss hilft, deine Rechte zu sch\u00fctzen - Nova","isPartOf":{"@id":"https:\/\/www.nova-bz.org\/#website"},"primaryImageOfPage":{"@id":"https:\/\/www.nova-bz.org\/de\/monitoringausschuss\/#primaryimage"},"image":{"@id":"https:\/\/www.nova-bz.org\/de\/monitoringausschuss\/#primaryimage"},"thumbnailUrl":"https:\/\/www.nova-bz.org\/wp-content\/uploads\/2024\/10\/monitoringaus.jpg","datePublished":"2024-10-07T15:18:49+00:00","dateModified":"2024-10-07T15:48:29+00:00","author":{"@id":"https:\/\/www.nova-bz.org\/#\/schema\/person\/1f1e3510379e98497d26e0f268d316c9"},"description":"Beeintr\u00e4chtigung? Der Monitoringausschuss hilft, deine Rechte zu sch\u00fctzen","breadcrumb":{"@id":"https:\/\/www.nova-bz.org\/de\/monitoringausschuss\/#breadcrumb"},"inLanguage":"de","potentialAction":[{"@type":"ReadAction","target":["https:\/\/www.nova-bz.org\/de\/monitoringausschuss\/"]}]},{"@type":"ImageObject","inLanguage":"de","@id":"https:\/\/www.nova-bz.org\/de\/monitoringausschuss\/#primaryimage","url":"https:\/\/www.nova-bz.org\/wp-content\/uploads\/2024\/10\/monitoringaus.jpg","contentUrl":"https:\/\/www.nova-bz.org\/wp-content\/uploads\/2024\/10\/monitoringaus.jpg","width":2400,"height":1800},{"@type":"BreadcrumbList","@id":"https:\/\/www.nova-bz.org\/de\/monitoringausschuss\/#breadcrumb","itemListElement":[{"@type":"ListItem","position":1,"name":"Home","item":"https:\/\/www.nova-bz.org\/de\/"},{"@type":"ListItem","position":2,"name":"Beeintr\u00e4chtigung? Der Monitoringausschuss hilft, deine Rechte zu sch\u00fctzen"}]},{"@type":"WebSite","@id":"https:\/\/www.nova-bz.org\/#website","url":"https:\/\/www.nova-bz.org\/","name":"Nova","description":"Wir m\u00f6chten Dich f\u00fcr Politik begeistern","potentialAction":[{"@type":"SearchAction","target":{"@type":"EntryPoint","urlTemplate":"https:\/\/www.nova-bz.org\/?s={search_term_string}"},"query-input":{"@type":"PropertyValueSpecification","valueRequired":true,"valueName":"search_term_string"}}],"inLanguage":"de"},{"@type":"Person","@id":"https:\/\/www.nova-bz.org\/#\/schema\/person\/1f1e3510379e98497d26e0f268d316c9","name":"Redaktion Redazione","image":{"@type":"ImageObject","inLanguage":"de","@id":"https:\/\/www.nova-bz.org\/#\/schema\/person\/image\/","url":"https:\/\/www.nova-bz.org\/wp-content\/uploads\/letter-avatar\/89447b63e34eed18e78ad5bab8ac5fcb.svg","contentUrl":"https:\/\/www.nova-bz.org\/wp-content\/uploads\/letter-avatar\/89447b63e34eed18e78ad5bab8ac5fcb.svg","caption":"Redaktion Redazione"}},false]}},"yasr_visitor_votes":{"stars_attributes":{"read_only":false,"span_bottom":false},"number_of_votes":0,"sum_votes":0},"jetpack_featured_media_url":"https:\/\/www.nova-bz.org\/wp-content\/uploads\/2024\/10\/monitoringaus.jpg","jetpack_sharing_enabled":true,"_links":{"self":[{"href":"https:\/\/www.nova-bz.org\/de\/wp-json\/wp\/v2\/posts\/6498","targetHints":{"allow":["GET"]}}],"collection":[{"href":"https:\/\/www.nova-bz.org\/de\/wp-json\/wp\/v2\/posts"}],"about":[{"href":"https:\/\/www.nova-bz.org\/de\/wp-json\/wp\/v2\/types\/post"}],"author":[{"embeddable":true,"href":"https:\/\/www.nova-bz.org\/de\/wp-json\/wp\/v2\/users\/36"}],"replies":[{"embeddable":true,"href":"https:\/\/www.nova-bz.org\/de\/wp-json\/wp\/v2\/comments?post=6498"}],"version-history":[{"count":1,"href":"https:\/\/www.nova-bz.org\/de\/wp-json\/wp\/v2\/posts\/6498\/revisions"}],"predecessor-version":[{"id":6501,"href":"https:\/\/www.nova-bz.org\/de\/wp-json\/wp\/v2\/posts\/6498\/revisions\/6501"}],"wp:featuredmedia":[{"embeddable":true,"href":"https:\/\/www.nova-bz.org\/de\/wp-json\/wp\/v2\/media\/6504"}],"wp:attachment":[{"href":"https:\/\/www.nova-bz.org\/de\/wp-json\/wp\/v2\/media?parent=6498"}],"wp:term":[{"taxonomy":"category","embeddable":true,"href":"https:\/\/www.nova-bz.org\/de\/wp-json\/wp\/v2\/categories?post=6498"},{"taxonomy":"post_tag","embeddable":true,"href":"https:\/\/www.nova-bz.org\/de\/wp-json\/wp\/v2\/tags?post=6498"}],"curies":[{"name":"wp","href":"https:\/\/api.w.org\/{rel}","templated":true}]}}