{"id":6409,"date":"2024-05-21T09:09:45","date_gmt":"2024-05-21T07:09:45","guid":{"rendered":"https:\/\/www.nova-bz.org\/?p=6409"},"modified":"2026-03-31T17:46:58","modified_gmt":"2026-03-31T15:46:58","slug":"das-amt-fuer-rechts-und-gesetzgebung","status":"publish","type":"post","link":"https:\/\/www.nova-bz.org\/de\/das-amt-fuer-rechts-und-gesetzgebung\/","title":{"rendered":"Das Amt f\u00fcr Rechts- und Gesetzgebungsangelegenheiten"},"content":{"rendered":"\n<p>In diesem Artikel erl\u00e4utere ich im ersten Teil die Zust\u00e4ndigkeiten des Amtes f\u00fcr Rechts- und Gesetzgebungsangelegenheiten und im zweiten Teil wie ich mich w\u00e4hrend meines Praktikums dort eingefunden habe und welche Erfahrungen ich sammeln konnte.<\/p>\n\n\n\n<p>Im Landtag gibt es verschiedene \u00c4mter, welche sich mit verschiedenen Bereichen auseinandersetzen. Eines dieser \u00c4mter ist das Rechts \u2013 und Gesetzgebungsamt, welches im zweiten Stock im Landtagsgeb\u00e4ude seinen Sitz hat. Das B\u00fcro setzt sich aus sechs Jurist:innen und zwei Sekret\u00e4ren zusammen. Das Rechtsamt hat verschiedene, wichtige Aufgaben innerhalb und au\u00dferhalb des Landtages.<\/p>\n\n\n\n<ul class=\"wp-block-list\">\n<li>Die Betreuung aller Aussch\u00fcsse<\/li>\n<\/ul>\n\n\n\n<p>Vielleicht habt ihr schon einmal davon geh\u00f6rt, dass es im Landtag vier verschiedene Gesetzgebungsaussch\u00fcsse gibt, welche jeweils unterschiedliche Zust\u00e4ndigkeitsbereiche haben. Jeder Ausschuss hat eine:n Pr\u00e4sident:in und setzt sich aus Mitgliedern der verschiedenen Parteifraktionen zusammen. Nachdem jemand einen Gesetzesentwurf macht, teilt das Rechtsamt die Thematik einem der vier Bereiche zu. Nun wird eine Sitzung f\u00fcr den Gesetzgebungsausschuss organisiert und w\u00e4hrend dieser wird von zwei der Jurist:innen aus dem Rechtsamt ein Protokoll geschrieben. Dieses Protokoll wird nachher formatiert und geschrieben. Anschlie\u00dfend wird f\u00fcr jede Sitzung ein Ausschussbericht verfasst, welcher aus einem technischen und einem politischen Teil besteht. Den technischen Teil dazu verfasst auch das Rechtsamt, w\u00e4hrend der politische Teil oftmals von den\/der Ausschussvorsitzenden verfasst wird.<\/p>\n\n\n\n<ul class=\"wp-block-list\">\n<li>Die rechtliche Beratung aller Landtagsorgane<\/li>\n<\/ul>\n\n\n\n<p>Wenn jemand der verschiedenen Landtagsorgane eine rechtliche Unterst\u00fctzung ben\u00f6tigt, kann sich der\/die Betroffene a das Rechtsamt wenden. Alles, was mit Gesetzen und Rechten in Verbindung steht, wird in diesem Amt behandelt.<\/p>\n\n\n\n<h2 class=\"wp-block-heading\">Mein Praktikum<\/h2>\n\n\n\n<p>Ich habe ein zweiw\u00f6chiges Praktikum im Rechtsamt absolviert und die Chance bekommen Einblicke hinter die Kulissen des S\u00fcdtiroler Landtages zu bekommen. Ich habe nicht nur im Landtagsgeb\u00e4ude meine Tage verbracht, sondern auch einen Tag bei der Gleichstellungsr\u00e4tin und den dazugeh\u00f6rigen Institutionen. Es war ein sehr abwechslungsreiches Praktikum, voller neuer Eindr\u00fccke, Erlebnissen und Emotionen. Von Beginn an wurde ich sehr freundlich aufgenommen und habe gemerkt, dass sich alle M\u00fche gegeben haben mir die Dinge gut und ausf\u00fchrlich zu erkl\u00e4ren und auch zu zeigen. Mich hat es sehr gefreut, dass ich so ein abwechslungsreiches Programm hatte. Auch bei einem Untersuchungsausschuss und dem Regionalrat durfte ich dabei sein. Ich hatte die M\u00f6glichkeit einen tieferen Blick in die Sitzungen unserer Politiker:innen zu werfen und war sehr erstaun dar\u00fcber. Leider ist mir hierbei auch aufgefallen, dass ein gro\u00dfer Teil unserer Politiker ihre Sprachgewohnheiten noch nicht ge\u00e4ndert haben. Wenn ein Politiker von seinen \u201eKollegen im Landtag\u201c, oder den \u201eS\u00fcdtiroler Politikern\u201c, spricht, werden Frauen, welche auch ihre Kolleginnen und Politikerinnen sind, ausgeschlossen und in einer Art und Weise auch herabgesetzt. Aber ich bin optimistisch, dass sich das in (hoffentlich) naher Zukunft \u00e4ndern wird.<\/p>\n\n\n\n<p><\/p>\n\n\n\n<p><\/p>\n\n\n\n<p><\/p>\n","protected":false},"excerpt":{"rendered":"<p>Zust\u00e4ndigkeiten des Amtes f\u00fcr Rechts- und Gesetzgebungsangelegenheiten und wie ich mich w\u00e4hrend meines Praktikums dort eingefunden habe und welche Erfahrungen ich sammeln konnte.<\/p>\n","protected":false},"author":36,"featured_media":6418,"comment_status":"open","ping_status":"closed","sticky":false,"template":"","format":"standard","meta":{"_acf_changed":false,"yasr_overall_rating":0,"yasr_post_is_review":"","yasr_auto_insert_disabled":"","yasr_review_type":"","_jetpack_memberships_contains_paid_content":false,"footnotes":""},"categories":[58,234],"tags":[434,380,95,320],"class_list":["post-6409","post","type-post","status-publish","format-standard","has-post-thumbnail","hentry","category-aktuelles","category-landtag","tag-gesetze","tag-jugendliche","tag-landtag","tag-partizipation"],"acf":[],"yoast_head":"<!-- This site is optimized with the Yoast SEO plugin v25.3.1 - https:\/\/yoast.com\/wordpress\/plugins\/seo\/ -->\n<title>Das Amt f\u00fcr Rechts- und Gesetzgebungsangelegenheiten - Nova<\/title>\n<meta name=\"description\" content=\"Zust\u00e4ndigkeiten des Rechts \u2013 und Gesetzgebungsamtes und welche Erfahrungen ich sammeln konnte.\" \/>\n<meta name=\"robots\" content=\"index, follow, max-snippet:-1, max-image-preview:large, max-video-preview:-1\" \/>\n<link rel=\"canonical\" href=\"https:\/\/www.nova-bz.org\/de\/das-amt-fuer-rechts-und-gesetzgebung\/\" \/>\n<meta property=\"og:locale\" content=\"de_DE\" \/>\n<meta property=\"og:type\" content=\"article\" \/>\n<meta property=\"og:title\" content=\"Eine unserer Praktikantinnen informiert \u00fcber unser Rechtsamt\" \/>\n<meta property=\"og:description\" content=\"Zust\u00e4ndigkeiten des Rechts \u2013 und Gesetzgebungsamtes und welche Erfahrungen ich sammeln konnte.\" \/>\n<meta property=\"og:url\" content=\"https:\/\/www.nova-bz.org\/de\/das-amt-fuer-rechts-und-gesetzgebung\/\" \/>\n<meta property=\"og:site_name\" content=\"Nova\" \/>\n<meta property=\"article:publisher\" content=\"https:\/\/www.facebook.com\/novabz.org\" \/>\n<meta property=\"article:published_time\" content=\"2024-05-21T07:09:45+00:00\" \/>\n<meta property=\"article:modified_time\" content=\"2026-03-31T15:46:58+00:00\" \/>\n<meta property=\"og:image\" content=\"https:\/\/www.nova-bz.org\/wp-content\/uploads\/2024\/05\/ufficio-legale.jpg\" \/>\n\t<meta property=\"og:image:width\" content=\"2400\" \/>\n\t<meta property=\"og:image:height\" content=\"1800\" \/>\n\t<meta property=\"og:image:type\" content=\"image\/jpeg\" \/>\n<meta name=\"author\" content=\"Redaktion Redazione\" \/>\n<meta name=\"twitter:card\" content=\"summary_large_image\" \/>\n<meta name=\"twitter:creator\" content=\"@nova_bz_org\" \/>\n<meta name=\"twitter:site\" content=\"@nova_bz_org\" \/>\n<meta name=\"twitter:label1\" content=\"Verfasst von\" \/>\n\t<meta name=\"twitter:data1\" content=\"Redaktion Redazione\" \/>\n\t<meta name=\"twitter:label2\" content=\"Gesch\u00e4tzte Lesezeit\" \/>\n\t<meta name=\"twitter:data2\" content=\"3\u00a0Minuten\" \/>\n<script type=\"application\/ld+json\" class=\"yoast-schema-graph\">{\"@context\":\"https:\/\/schema.org\",\"@graph\":[{\"@type\":\"WebPage\",\"@id\":\"https:\/\/www.nova-bz.org\/de\/das-amt-fuer-rechts-und-gesetzgebung\/\",\"url\":\"https:\/\/www.nova-bz.org\/de\/das-amt-fuer-rechts-und-gesetzgebung\/\",\"name\":\"Das Amt f\u00fcr Rechts- und Gesetzgebungsangelegenheiten - Nova\",\"isPartOf\":{\"@id\":\"https:\/\/www.nova-bz.org\/#website\"},\"primaryImageOfPage\":{\"@id\":\"https:\/\/www.nova-bz.org\/de\/das-amt-fuer-rechts-und-gesetzgebung\/#primaryimage\"},\"image\":{\"@id\":\"https:\/\/www.nova-bz.org\/de\/das-amt-fuer-rechts-und-gesetzgebung\/#primaryimage\"},\"thumbnailUrl\":\"https:\/\/www.nova-bz.org\/wp-content\/uploads\/2024\/05\/ufficio-legale.jpg\",\"datePublished\":\"2024-05-21T07:09:45+00:00\",\"dateModified\":\"2026-03-31T15:46:58+00:00\",\"author\":{\"@id\":\"https:\/\/www.nova-bz.org\/#\/schema\/person\/1f1e3510379e98497d26e0f268d316c9\"},\"description\":\"Zust\u00e4ndigkeiten des Rechts \u2013 und Gesetzgebungsamtes und welche Erfahrungen ich sammeln konnte.\",\"breadcrumb\":{\"@id\":\"https:\/\/www.nova-bz.org\/de\/das-amt-fuer-rechts-und-gesetzgebung\/#breadcrumb\"},\"inLanguage\":\"de\",\"potentialAction\":[{\"@type\":\"ReadAction\",\"target\":[\"https:\/\/www.nova-bz.org\/de\/das-amt-fuer-rechts-und-gesetzgebung\/\"]}]},{\"@type\":\"ImageObject\",\"inLanguage\":\"de\",\"@id\":\"https:\/\/www.nova-bz.org\/de\/das-amt-fuer-rechts-und-gesetzgebung\/#primaryimage\",\"url\":\"https:\/\/www.nova-bz.org\/wp-content\/uploads\/2024\/05\/ufficio-legale.jpg\",\"contentUrl\":\"https:\/\/www.nova-bz.org\/wp-content\/uploads\/2024\/05\/ufficio-legale.jpg\",\"width\":2400,\"height\":1800},{\"@type\":\"BreadcrumbList\",\"@id\":\"https:\/\/www.nova-bz.org\/de\/das-amt-fuer-rechts-und-gesetzgebung\/#breadcrumb\",\"itemListElement\":[{\"@type\":\"ListItem\",\"position\":1,\"name\":\"Home\",\"item\":\"https:\/\/www.nova-bz.org\/de\/\"},{\"@type\":\"ListItem\",\"position\":2,\"name\":\"Das Amt f\u00fcr Rechts- und Gesetzgebungsangelegenheiten\"}]},{\"@type\":\"WebSite\",\"@id\":\"https:\/\/www.nova-bz.org\/#website\",\"url\":\"https:\/\/www.nova-bz.org\/\",\"name\":\"Nova\",\"description\":\"Wir m\u00f6chten Dich f\u00fcr Politik begeistern\",\"potentialAction\":[{\"@type\":\"SearchAction\",\"target\":{\"@type\":\"EntryPoint\",\"urlTemplate\":\"https:\/\/www.nova-bz.org\/?s={search_term_string}\"},\"query-input\":{\"@type\":\"PropertyValueSpecification\",\"valueRequired\":true,\"valueName\":\"search_term_string\"}}],\"inLanguage\":\"de\"},{\"@type\":\"Person\",\"@id\":\"https:\/\/www.nova-bz.org\/#\/schema\/person\/1f1e3510379e98497d26e0f268d316c9\",\"name\":\"Redaktion Redazione\",\"image\":{\"@type\":\"ImageObject\",\"inLanguage\":\"de\",\"@id\":\"https:\/\/www.nova-bz.org\/#\/schema\/person\/image\/\",\"url\":\"https:\/\/www.nova-bz.org\/wp-content\/uploads\/letter-avatar\/89447b63e34eed18e78ad5bab8ac5fcb.svg\",\"contentUrl\":\"https:\/\/www.nova-bz.org\/wp-content\/uploads\/letter-avatar\/89447b63e34eed18e78ad5bab8ac5fcb.svg\",\"caption\":\"Redaktion Redazione\"}},false]}<\/script>\n<!-- \/ Yoast SEO plugin. -->","yoast_head_json":{"title":"Das Amt f\u00fcr Rechts- und Gesetzgebungsangelegenheiten - Nova","description":"Zust\u00e4ndigkeiten des Rechts \u2013 und Gesetzgebungsamtes und welche Erfahrungen ich sammeln konnte.","robots":{"index":"index","follow":"follow","max-snippet":"max-snippet:-1","max-image-preview":"max-image-preview:large","max-video-preview":"max-video-preview:-1"},"canonical":"https:\/\/www.nova-bz.org\/de\/das-amt-fuer-rechts-und-gesetzgebung\/","og_locale":"de_DE","og_type":"article","og_title":"Eine unserer Praktikantinnen informiert \u00fcber unser Rechtsamt","og_description":"Zust\u00e4ndigkeiten des Rechts \u2013 und Gesetzgebungsamtes und welche Erfahrungen ich sammeln konnte.","og_url":"https:\/\/www.nova-bz.org\/de\/das-amt-fuer-rechts-und-gesetzgebung\/","og_site_name":"Nova","article_publisher":"https:\/\/www.facebook.com\/novabz.org","article_published_time":"2024-05-21T07:09:45+00:00","article_modified_time":"2026-03-31T15:46:58+00:00","og_image":[{"width":2400,"height":1800,"url":"https:\/\/www.nova-bz.org\/wp-content\/uploads\/2024\/05\/ufficio-legale.jpg","type":"image\/jpeg"}],"author":"Redaktion Redazione","twitter_card":"summary_large_image","twitter_creator":"@nova_bz_org","twitter_site":"@nova_bz_org","twitter_misc":{"Verfasst von":"Redaktion Redazione","Gesch\u00e4tzte Lesezeit":"3\u00a0Minuten"},"schema":{"@context":"https:\/\/schema.org","@graph":[{"@type":"WebPage","@id":"https:\/\/www.nova-bz.org\/de\/das-amt-fuer-rechts-und-gesetzgebung\/","url":"https:\/\/www.nova-bz.org\/de\/das-amt-fuer-rechts-und-gesetzgebung\/","name":"Das Amt f\u00fcr Rechts- und Gesetzgebungsangelegenheiten - Nova","isPartOf":{"@id":"https:\/\/www.nova-bz.org\/#website"},"primaryImageOfPage":{"@id":"https:\/\/www.nova-bz.org\/de\/das-amt-fuer-rechts-und-gesetzgebung\/#primaryimage"},"image":{"@id":"https:\/\/www.nova-bz.org\/de\/das-amt-fuer-rechts-und-gesetzgebung\/#primaryimage"},"thumbnailUrl":"https:\/\/www.nova-bz.org\/wp-content\/uploads\/2024\/05\/ufficio-legale.jpg","datePublished":"2024-05-21T07:09:45+00:00","dateModified":"2026-03-31T15:46:58+00:00","author":{"@id":"https:\/\/www.nova-bz.org\/#\/schema\/person\/1f1e3510379e98497d26e0f268d316c9"},"description":"Zust\u00e4ndigkeiten des Rechts \u2013 und Gesetzgebungsamtes und welche Erfahrungen ich sammeln konnte.","breadcrumb":{"@id":"https:\/\/www.nova-bz.org\/de\/das-amt-fuer-rechts-und-gesetzgebung\/#breadcrumb"},"inLanguage":"de","potentialAction":[{"@type":"ReadAction","target":["https:\/\/www.nova-bz.org\/de\/das-amt-fuer-rechts-und-gesetzgebung\/"]}]},{"@type":"ImageObject","inLanguage":"de","@id":"https:\/\/www.nova-bz.org\/de\/das-amt-fuer-rechts-und-gesetzgebung\/#primaryimage","url":"https:\/\/www.nova-bz.org\/wp-content\/uploads\/2024\/05\/ufficio-legale.jpg","contentUrl":"https:\/\/www.nova-bz.org\/wp-content\/uploads\/2024\/05\/ufficio-legale.jpg","width":2400,"height":1800},{"@type":"BreadcrumbList","@id":"https:\/\/www.nova-bz.org\/de\/das-amt-fuer-rechts-und-gesetzgebung\/#breadcrumb","itemListElement":[{"@type":"ListItem","position":1,"name":"Home","item":"https:\/\/www.nova-bz.org\/de\/"},{"@type":"ListItem","position":2,"name":"Das Amt f\u00fcr Rechts- und Gesetzgebungsangelegenheiten"}]},{"@type":"WebSite","@id":"https:\/\/www.nova-bz.org\/#website","url":"https:\/\/www.nova-bz.org\/","name":"Nova","description":"Wir m\u00f6chten Dich f\u00fcr Politik begeistern","potentialAction":[{"@type":"SearchAction","target":{"@type":"EntryPoint","urlTemplate":"https:\/\/www.nova-bz.org\/?s={search_term_string}"},"query-input":{"@type":"PropertyValueSpecification","valueRequired":true,"valueName":"search_term_string"}}],"inLanguage":"de"},{"@type":"Person","@id":"https:\/\/www.nova-bz.org\/#\/schema\/person\/1f1e3510379e98497d26e0f268d316c9","name":"Redaktion Redazione","image":{"@type":"ImageObject","inLanguage":"de","@id":"https:\/\/www.nova-bz.org\/#\/schema\/person\/image\/","url":"https:\/\/www.nova-bz.org\/wp-content\/uploads\/letter-avatar\/89447b63e34eed18e78ad5bab8ac5fcb.svg","contentUrl":"https:\/\/www.nova-bz.org\/wp-content\/uploads\/letter-avatar\/89447b63e34eed18e78ad5bab8ac5fcb.svg","caption":"Redaktion Redazione"}},false]}},"yasr_visitor_votes":{"stars_attributes":{"read_only":false,"span_bottom":false},"number_of_votes":0,"sum_votes":0},"jetpack_featured_media_url":"https:\/\/www.nova-bz.org\/wp-content\/uploads\/2024\/05\/ufficio-legale.jpg","jetpack_sharing_enabled":true,"_links":{"self":[{"href":"https:\/\/www.nova-bz.org\/de\/wp-json\/wp\/v2\/posts\/6409","targetHints":{"allow":["GET"]}}],"collection":[{"href":"https:\/\/www.nova-bz.org\/de\/wp-json\/wp\/v2\/posts"}],"about":[{"href":"https:\/\/www.nova-bz.org\/de\/wp-json\/wp\/v2\/types\/post"}],"author":[{"embeddable":true,"href":"https:\/\/www.nova-bz.org\/de\/wp-json\/wp\/v2\/users\/36"}],"replies":[{"embeddable":true,"href":"https:\/\/www.nova-bz.org\/de\/wp-json\/wp\/v2\/comments?post=6409"}],"version-history":[{"count":5,"href":"https:\/\/www.nova-bz.org\/de\/wp-json\/wp\/v2\/posts\/6409\/revisions"}],"predecessor-version":[{"id":6958,"href":"https:\/\/www.nova-bz.org\/de\/wp-json\/wp\/v2\/posts\/6409\/revisions\/6958"}],"wp:featuredmedia":[{"embeddable":true,"href":"https:\/\/www.nova-bz.org\/de\/wp-json\/wp\/v2\/media\/6418"}],"wp:attachment":[{"href":"https:\/\/www.nova-bz.org\/de\/wp-json\/wp\/v2\/media?parent=6409"}],"wp:term":[{"taxonomy":"category","embeddable":true,"href":"https:\/\/www.nova-bz.org\/de\/wp-json\/wp\/v2\/categories?post=6409"},{"taxonomy":"post_tag","embeddable":true,"href":"https:\/\/www.nova-bz.org\/de\/wp-json\/wp\/v2\/tags?post=6409"}],"curies":[{"name":"wp","href":"https:\/\/api.w.org\/{rel}","templated":true}]}}