{"id":4617,"date":"2021-09-16T16:35:57","date_gmt":"2021-09-16T14:35:57","guid":{"rendered":"https:\/\/www.nova-bz.org\/?p=4617"},"modified":"2021-09-29T17:36:53","modified_gmt":"2021-09-29T15:36:53","slug":"die-farben-der-pandemie","status":"publish","type":"post","link":"https:\/\/www.nova-bz.org\/de\/die-farben-der-pandemie\/","title":{"rendered":"Die Farben der Pandemie. In Meran entstehen Wandbilder f\u00fcr die Gemeinschaft"},"content":{"rendered":"\n<p>Mit Zeichnungen und Farben \u00fcber gelebte Gef\u00fchle und Zukunftshoffnungen der jungen Generationen, die von der Pandemie getroffen wurden, nachzudenken \u2013 das ist die Idee des Siegerprojekts von<strong> Generationen 2021<\/strong> <strong>&#8222;Spread The Fluo&#8220;<\/strong>, das vom <strong>Verein BeYoung ODV in Zusammenarbeit mit dem Jugendzentrum Tilt in Sinich<\/strong> ins Leben gerufen wurde.<\/p>\n\n\n\n<p>Die Jugendlichen des Meraner Viertels St. Vigil haben beschlossen,<strong> &#8222;Freude zu teilen&#8220;<\/strong>, indem sie die Begegnung zwischen Stadtviertelgemeinschaften f\u00f6rdern mit dem Ziel, die eigenen <strong>Gemeinschaften nach au\u00dfen hin zu projizieren<\/strong>. Eineinhalb Jahre <em>social distancing<\/em> hatten f\u00fcr jeden von uns negative Folgen &#8211; f\u00fcr uns als Einzelpersonen aber auch als Teil der Gesellschaft. &#8222;Spread The Fluo&#8220; will hingegen positiven Gedanken, die in dieser Zeit entstanden sind, Raum geben und die Lust, sich selbst auszudr\u00fccken, f\u00f6rdern.<\/p>\n\n\n\n<h2 class=\"wp-block-heading\"><strong>Wie ist das Projekt Spread The Fluo entstanden?<\/strong><\/h2>\n\n\n\n<p>&#8222;Die Idee stammt von den Jugendlichen des Meraner Viertels St. Vigil, die in den letzten Jahren schon mit anderen Kommunikationsmitteln experimentiert haben. Von Anfang an hat das Projekt auch Anklang bei den etwas \u00e4lteren Generationen des Viertels gefunden&#8220;, erz\u00e4hlt <strong>Luigi Cirimele, Teammitglied von BeYoung<\/strong>. &#8222;Als entscheidend hat sich die schon in der Vergangenheit etablierte Zusammenarbeit zwischen <strong>BeYoung und dem Jugendzentrum Tilt in Sinich <\/strong>herausgestellt. Die Jugendlichen haben sich die kreative, partizipative Ausarbeitung einer Bildergeschichte ausgedacht: Durch Zeichnungen und Farben sollen Erfahrungen, vor allem W\u00fcnsche f\u00fcr unsere Zukunft zum Ausdruck gebracht werden.&#8220;<\/p>\n\n\n\n<h2 class=\"wp-block-heading\"><strong>In welchem Zusammenhang steht Spread the Fluo mit dem Thema der Ausschreibung 2021 &#8222;Aspirations &amp; Inspirations&#8220;?<\/strong><\/h2>\n\n\n\n<p>&#8222;Man k\u00f6nnte hier von einem direkten Zusammenhang sprechen: Ein Jahr mit einem beschr\u00e4nkten Sozialleben hat <strong>unvermeidlich unsere traditionellen Modelle und, wie durch Dominoeffekt, damit auch unsere Zukunftsw\u00fcnsche ge\u00e4ndert<\/strong>. Die Jugendlichen waren nach jahrelanger Aktivit\u00e4t in ihrem Gebiet bereit, die Grenze ihres Ortes zu \u00fcberschreiten. Aber die Restriktionen, die wir alle in diesen schrecklichen Monaten erlebt haben, haben gewisserma\u00dfen verhindert, dass das auf die von ihnen vorgestellte Weise geschehe. Deshalb wurde <strong>ihr Wunsch, \u00fcber den St.-Vigil-Platz hinauszugehen<\/strong>, neu strukturiert, um ein bleibendes Zeichen der &#8218;Jugendlichen des Platzes au\u00dferhalb des Platzes&#8216; zu schaffen. Das bleibende Zeichen wird ein Wandbild auf der Au\u00dfenmauer des Pferderennplatzes sein.&#8220;<\/p>\n\n\n\n<h2 class=\"wp-block-heading\"><strong>Wie nimmt das Projekt Gestalt an? Welche sind die n\u00e4chsten Schritte?<\/strong><\/h2>\n\n\n\n<p>&#8222;Die erste Phase des Projekts ist schon abgeschlossen:&nbsp;Wie gesagt besteht das wesentliche Merkmal der Aktivit\u00e4ten in der Beteiligung &#8211; nicht nur der Jugendlichen des Stadtviertels, sondern vor allem der Jugendlichen des Jugendzentrums Tilt. <strong>Das Endprodukt wird eine Geschichte \u00fcber die Erlebnisse von 2020\/2021 sein<\/strong>. W\u00e4hrend des ersten Workshops Anfang Juni dieses Jahres waren die meisten Aktivit\u00e4ten auf die <strong>Schaffung eines Storyboards<\/strong> ausgerichtet (das sich zurzeit in der Endphase befindet). Au\u00dferdem wurden schon einige grafische Beitr\u00e4ge verwirklicht, um die Jugendlichen mit den Werkzeugen, die sie f\u00fcr das Endprodukt brauchen werden, vertraut zu machen&#8220;.<\/p>\n\n\n\n<h2 class=\"wp-block-heading\"><strong>Welche Partner nehmen am Projekt teil?<\/strong><\/h2>\n\n\n\n<p>&#8222;Hauptpartner des Projekts ist das <strong>Jugendzentrum TILT in Sinich<\/strong>. Sinich ist ein Gebiet, das dem Stadtviertel St.-Vigil-Platz sehr \u00e4hnlich ist und dieses erg\u00e4nzt: Aufgrund seiner Lage ist es ein <strong>Grenzgebiet, oder besser gesagt, ein Gebiet jenseits der Grenzen<\/strong>, in dem die gleichen Widerspr\u00fcche erlebt werden wie auf unserem Platz. Daher werden auch die Erlebnisse der Bewohner und ihre W\u00fcnsche als &#8217;nachvollziehbar&#8216; und darstellungsw\u00fcrdig empfunden. Strategisch, wie immer, war au\u00dferdem die Zusammenarbeit mit dem <strong>Stadtviertelrat von St.-Vigil-Platz &#8211; B\u00e4ckergasse &#8211; St.-Antonius-Siedlung<\/strong>&#8222;.<\/p>\n\n\n\n<p><em>Der Artikel wurde von Lisa Pontoni im Rahmen ihrer von Generationen und der Genossenschaft Mercurio veranlassten Erfahrung mit Media Contest von Tempora ODV verfasst.<\/em><\/p>\n","protected":false},"excerpt":{"rendered":"<p>Das Siegerprojekt der Ausschreibung Generationen 2021 &#8222;Spread the Fluo&#8220; will mit den Jugendlichen des Meraner Viertels St. Vigil eine Bildergeschichte erschaffen.<\/p>\n","protected":false},"author":38,"featured_media":4729,"comment_status":"open","ping_status":"closed","sticky":false,"template":"","format":"standard","meta":{"_acf_changed":false,"yasr_overall_rating":0,"yasr_post_is_review":"","yasr_auto_insert_disabled":"","yasr_review_type":"","_jetpack_memberships_contains_paid_content":false,"footnotes":""},"categories":[58,229],"tags":[184,380,352],"class_list":["post-4617","post","type-post","status-publish","format-standard","has-post-thumbnail","hentry","category-aktuelles","category-kultur","tag-corona","tag-jugendliche","tag-zukunft"],"acf":[],"yoast_head":"<!-- This site is optimized with the Yoast SEO plugin v25.3.1 - https:\/\/yoast.com\/wordpress\/plugins\/seo\/ -->\n<title>Die Farben der Pandemie. In Meran entstehen Wandbilder f\u00fcr die Gemeinschaft - Nova<\/title>\n<meta name=\"description\" content=\"Das Siegerprojekt der Ausschreibung Generationen 2021 &quot;Spread the Fluo&quot; will mit den Jugendlichen des Meraner Viertels St. Vigil eine Bildergeschichte erschaffen.\" \/>\n<meta name=\"robots\" content=\"index, follow, max-snippet:-1, max-image-preview:large, max-video-preview:-1\" \/>\n<link rel=\"canonical\" href=\"https:\/\/www.nova-bz.org\/de\/die-farben-der-pandemie\/\" \/>\n<meta property=\"og:locale\" content=\"de_DE\" \/>\n<meta property=\"og:type\" content=\"article\" \/>\n<meta property=\"og:title\" content=\"Die Farben der Pandemie - Artikel von Generazioni\" \/>\n<meta property=\"og:description\" content=\"Das Siegerprojekt der Ausschreibung Generationen 2021 &quot;Spread the Fluo&quot; will mit den Jugendlichen des Meraner Viertels St. Vigil eine Bildergeschichte erschaffen.\" \/>\n<meta property=\"og:url\" content=\"https:\/\/www.nova-bz.org\/de\/die-farben-der-pandemie\/\" \/>\n<meta property=\"og:site_name\" content=\"Nova\" \/>\n<meta property=\"article:publisher\" content=\"https:\/\/www.facebook.com\/novabz.org\" \/>\n<meta property=\"article:published_time\" content=\"2021-09-16T14:35:57+00:00\" \/>\n<meta property=\"article:modified_time\" content=\"2021-09-29T15:36:53+00:00\" \/>\n<meta property=\"og:image\" content=\"https:\/\/www.nova-bz.org\/wp-content\/uploads\/2021\/09\/spreadthefluo.png\" \/>\n\t<meta property=\"og:image:width\" content=\"2400\" \/>\n\t<meta property=\"og:image:height\" content=\"1800\" \/>\n\t<meta property=\"og:image:type\" content=\"image\/png\" \/>\n<meta name=\"author\" content=\"Generazioni\" \/>\n<meta name=\"twitter:card\" content=\"summary_large_image\" \/>\n<meta name=\"twitter:title\" content=\"Die Farben der Pandemie - Artikel von Generazioni\" \/>\n<meta name=\"twitter:description\" content=\"Das Siegerprojekt der Ausschreibung Generationen 2021 &quot;Spread the Fluo&quot; will mit den Jugendlichen des Meraner Viertels St. Vigil eine Bildergeschichte erschaffen.\" \/>\n<meta name=\"twitter:image\" content=\"https:\/\/www.nova-bz.org\/wp-content\/uploads\/2021\/09\/spreadthefluo.png\" \/>\n<meta name=\"twitter:creator\" content=\"@nova_bz_org\" \/>\n<meta name=\"twitter:site\" content=\"@nova_bz_org\" \/>\n<meta name=\"twitter:label1\" content=\"Verfasst von\" \/>\n\t<meta name=\"twitter:data1\" content=\"Generazioni\" \/>\n\t<meta name=\"twitter:label2\" content=\"Gesch\u00e4tzte Lesezeit\" \/>\n\t<meta name=\"twitter:data2\" content=\"3\u00a0Minuten\" \/>\n<script type=\"application\/ld+json\" class=\"yoast-schema-graph\">{\"@context\":\"https:\/\/schema.org\",\"@graph\":[{\"@type\":\"WebPage\",\"@id\":\"https:\/\/www.nova-bz.org\/de\/die-farben-der-pandemie\/\",\"url\":\"https:\/\/www.nova-bz.org\/de\/die-farben-der-pandemie\/\",\"name\":\"Die Farben der Pandemie. In Meran entstehen Wandbilder f\u00fcr die Gemeinschaft - Nova\",\"isPartOf\":{\"@id\":\"https:\/\/www.nova-bz.org\/#website\"},\"primaryImageOfPage\":{\"@id\":\"https:\/\/www.nova-bz.org\/de\/die-farben-der-pandemie\/#primaryimage\"},\"image\":{\"@id\":\"https:\/\/www.nova-bz.org\/de\/die-farben-der-pandemie\/#primaryimage\"},\"thumbnailUrl\":\"https:\/\/www.nova-bz.org\/wp-content\/uploads\/2021\/09\/spreadthefluo.png\",\"datePublished\":\"2021-09-16T14:35:57+00:00\",\"dateModified\":\"2021-09-29T15:36:53+00:00\",\"author\":{\"@id\":\"https:\/\/www.nova-bz.org\/#\/schema\/person\/f22fc970be5263c677904d5ce54c3cd4\"},\"description\":\"Das Siegerprojekt der Ausschreibung Generationen 2021 \\\"Spread the Fluo\\\" will mit den Jugendlichen des Meraner Viertels St. Vigil eine Bildergeschichte erschaffen.\",\"breadcrumb\":{\"@id\":\"https:\/\/www.nova-bz.org\/de\/die-farben-der-pandemie\/#breadcrumb\"},\"inLanguage\":\"de\",\"potentialAction\":[{\"@type\":\"ReadAction\",\"target\":[\"https:\/\/www.nova-bz.org\/de\/die-farben-der-pandemie\/\"]}]},{\"@type\":\"ImageObject\",\"inLanguage\":\"de\",\"@id\":\"https:\/\/www.nova-bz.org\/de\/die-farben-der-pandemie\/#primaryimage\",\"url\":\"https:\/\/www.nova-bz.org\/wp-content\/uploads\/2021\/09\/spreadthefluo.png\",\"contentUrl\":\"https:\/\/www.nova-bz.org\/wp-content\/uploads\/2021\/09\/spreadthefluo.png\",\"width\":2400,\"height\":1800,\"caption\":\"spread the fluo\"},{\"@type\":\"BreadcrumbList\",\"@id\":\"https:\/\/www.nova-bz.org\/de\/die-farben-der-pandemie\/#breadcrumb\",\"itemListElement\":[{\"@type\":\"ListItem\",\"position\":1,\"name\":\"Home\",\"item\":\"https:\/\/www.nova-bz.org\/de\/\"},{\"@type\":\"ListItem\",\"position\":2,\"name\":\"Die Farben der Pandemie. In Meran entstehen Wandbilder f\u00fcr die Gemeinschaft\"}]},{\"@type\":\"WebSite\",\"@id\":\"https:\/\/www.nova-bz.org\/#website\",\"url\":\"https:\/\/www.nova-bz.org\/\",\"name\":\"Nova\",\"description\":\"Wir m\u00f6chten Dich f\u00fcr Politik begeistern\",\"potentialAction\":[{\"@type\":\"SearchAction\",\"target\":{\"@type\":\"EntryPoint\",\"urlTemplate\":\"https:\/\/www.nova-bz.org\/?s={search_term_string}\"},\"query-input\":{\"@type\":\"PropertyValueSpecification\",\"valueRequired\":true,\"valueName\":\"search_term_string\"}}],\"inLanguage\":\"de\"},{\"@type\":\"Person\",\"@id\":\"https:\/\/www.nova-bz.org\/#\/schema\/person\/f22fc970be5263c677904d5ce54c3cd4\",\"name\":\"Generazioni\",\"image\":{\"@type\":\"ImageObject\",\"inLanguage\":\"de\",\"@id\":\"https:\/\/www.nova-bz.org\/#\/schema\/person\/image\/\",\"url\":\"https:\/\/www.nova-bz.org\/wp-content\/uploads\/letter-avatar\/1dc421c9eac44f6a2ddadb2655587326.svg\",\"contentUrl\":\"https:\/\/www.nova-bz.org\/wp-content\/uploads\/letter-avatar\/1dc421c9eac44f6a2ddadb2655587326.svg\",\"caption\":\"Generazioni\"}},false]}<\/script>\n<!-- \/ Yoast SEO plugin. -->","yoast_head_json":{"title":"Die Farben der Pandemie. In Meran entstehen Wandbilder f\u00fcr die Gemeinschaft - Nova","description":"Das Siegerprojekt der Ausschreibung Generationen 2021 \"Spread the Fluo\" will mit den Jugendlichen des Meraner Viertels St. Vigil eine Bildergeschichte erschaffen.","robots":{"index":"index","follow":"follow","max-snippet":"max-snippet:-1","max-image-preview":"max-image-preview:large","max-video-preview":"max-video-preview:-1"},"canonical":"https:\/\/www.nova-bz.org\/de\/die-farben-der-pandemie\/","og_locale":"de_DE","og_type":"article","og_title":"Die Farben der Pandemie - Artikel von Generazioni","og_description":"Das Siegerprojekt der Ausschreibung Generationen 2021 \"Spread the Fluo\" will mit den Jugendlichen des Meraner Viertels St. Vigil eine Bildergeschichte erschaffen.","og_url":"https:\/\/www.nova-bz.org\/de\/die-farben-der-pandemie\/","og_site_name":"Nova","article_publisher":"https:\/\/www.facebook.com\/novabz.org","article_published_time":"2021-09-16T14:35:57+00:00","article_modified_time":"2021-09-29T15:36:53+00:00","og_image":[{"width":2400,"height":1800,"url":"https:\/\/www.nova-bz.org\/wp-content\/uploads\/2021\/09\/spreadthefluo.png","type":"image\/png"}],"author":"Generazioni","twitter_card":"summary_large_image","twitter_title":"Die Farben der Pandemie - Artikel von Generazioni","twitter_description":"Das Siegerprojekt der Ausschreibung Generationen 2021 \"Spread the Fluo\" will mit den Jugendlichen des Meraner Viertels St. Vigil eine Bildergeschichte erschaffen.","twitter_image":"https:\/\/www.nova-bz.org\/wp-content\/uploads\/2021\/09\/spreadthefluo.png","twitter_creator":"@nova_bz_org","twitter_site":"@nova_bz_org","twitter_misc":{"Verfasst von":"Generazioni","Gesch\u00e4tzte Lesezeit":"3\u00a0Minuten"},"schema":{"@context":"https:\/\/schema.org","@graph":[{"@type":"WebPage","@id":"https:\/\/www.nova-bz.org\/de\/die-farben-der-pandemie\/","url":"https:\/\/www.nova-bz.org\/de\/die-farben-der-pandemie\/","name":"Die Farben der Pandemie. In Meran entstehen Wandbilder f\u00fcr die Gemeinschaft - Nova","isPartOf":{"@id":"https:\/\/www.nova-bz.org\/#website"},"primaryImageOfPage":{"@id":"https:\/\/www.nova-bz.org\/de\/die-farben-der-pandemie\/#primaryimage"},"image":{"@id":"https:\/\/www.nova-bz.org\/de\/die-farben-der-pandemie\/#primaryimage"},"thumbnailUrl":"https:\/\/www.nova-bz.org\/wp-content\/uploads\/2021\/09\/spreadthefluo.png","datePublished":"2021-09-16T14:35:57+00:00","dateModified":"2021-09-29T15:36:53+00:00","author":{"@id":"https:\/\/www.nova-bz.org\/#\/schema\/person\/f22fc970be5263c677904d5ce54c3cd4"},"description":"Das Siegerprojekt der Ausschreibung Generationen 2021 \"Spread the Fluo\" will mit den Jugendlichen des Meraner Viertels St. Vigil eine Bildergeschichte erschaffen.","breadcrumb":{"@id":"https:\/\/www.nova-bz.org\/de\/die-farben-der-pandemie\/#breadcrumb"},"inLanguage":"de","potentialAction":[{"@type":"ReadAction","target":["https:\/\/www.nova-bz.org\/de\/die-farben-der-pandemie\/"]}]},{"@type":"ImageObject","inLanguage":"de","@id":"https:\/\/www.nova-bz.org\/de\/die-farben-der-pandemie\/#primaryimage","url":"https:\/\/www.nova-bz.org\/wp-content\/uploads\/2021\/09\/spreadthefluo.png","contentUrl":"https:\/\/www.nova-bz.org\/wp-content\/uploads\/2021\/09\/spreadthefluo.png","width":2400,"height":1800,"caption":"spread the fluo"},{"@type":"BreadcrumbList","@id":"https:\/\/www.nova-bz.org\/de\/die-farben-der-pandemie\/#breadcrumb","itemListElement":[{"@type":"ListItem","position":1,"name":"Home","item":"https:\/\/www.nova-bz.org\/de\/"},{"@type":"ListItem","position":2,"name":"Die Farben der Pandemie. In Meran entstehen Wandbilder f\u00fcr die Gemeinschaft"}]},{"@type":"WebSite","@id":"https:\/\/www.nova-bz.org\/#website","url":"https:\/\/www.nova-bz.org\/","name":"Nova","description":"Wir m\u00f6chten Dich f\u00fcr Politik begeistern","potentialAction":[{"@type":"SearchAction","target":{"@type":"EntryPoint","urlTemplate":"https:\/\/www.nova-bz.org\/?s={search_term_string}"},"query-input":{"@type":"PropertyValueSpecification","valueRequired":true,"valueName":"search_term_string"}}],"inLanguage":"de"},{"@type":"Person","@id":"https:\/\/www.nova-bz.org\/#\/schema\/person\/f22fc970be5263c677904d5ce54c3cd4","name":"Generazioni","image":{"@type":"ImageObject","inLanguage":"de","@id":"https:\/\/www.nova-bz.org\/#\/schema\/person\/image\/","url":"https:\/\/www.nova-bz.org\/wp-content\/uploads\/letter-avatar\/1dc421c9eac44f6a2ddadb2655587326.svg","contentUrl":"https:\/\/www.nova-bz.org\/wp-content\/uploads\/letter-avatar\/1dc421c9eac44f6a2ddadb2655587326.svg","caption":"Generazioni"}},false]}},"yasr_visitor_votes":{"stars_attributes":{"read_only":false,"span_bottom":false},"number_of_votes":0,"sum_votes":0},"jetpack_featured_media_url":"https:\/\/www.nova-bz.org\/wp-content\/uploads\/2021\/09\/spreadthefluo.png","jetpack_sharing_enabled":true,"_links":{"self":[{"href":"https:\/\/www.nova-bz.org\/de\/wp-json\/wp\/v2\/posts\/4617","targetHints":{"allow":["GET"]}}],"collection":[{"href":"https:\/\/www.nova-bz.org\/de\/wp-json\/wp\/v2\/posts"}],"about":[{"href":"https:\/\/www.nova-bz.org\/de\/wp-json\/wp\/v2\/types\/post"}],"author":[{"embeddable":true,"href":"https:\/\/www.nova-bz.org\/de\/wp-json\/wp\/v2\/users\/38"}],"replies":[{"embeddable":true,"href":"https:\/\/www.nova-bz.org\/de\/wp-json\/wp\/v2\/comments?post=4617"}],"version-history":[{"count":7,"href":"https:\/\/www.nova-bz.org\/de\/wp-json\/wp\/v2\/posts\/4617\/revisions"}],"predecessor-version":[{"id":4732,"href":"https:\/\/www.nova-bz.org\/de\/wp-json\/wp\/v2\/posts\/4617\/revisions\/4732"}],"wp:featuredmedia":[{"embeddable":true,"href":"https:\/\/www.nova-bz.org\/de\/wp-json\/wp\/v2\/media\/4729"}],"wp:attachment":[{"href":"https:\/\/www.nova-bz.org\/de\/wp-json\/wp\/v2\/media?parent=4617"}],"wp:term":[{"taxonomy":"category","embeddable":true,"href":"https:\/\/www.nova-bz.org\/de\/wp-json\/wp\/v2\/categories?post=4617"},{"taxonomy":"post_tag","embeddable":true,"href":"https:\/\/www.nova-bz.org\/de\/wp-json\/wp\/v2\/tags?post=4617"}],"curies":[{"name":"wp","href":"https:\/\/api.w.org\/{rel}","templated":true}]}}