{"id":4611,"date":"2021-08-25T15:56:31","date_gmt":"2021-08-25T13:56:31","guid":{"rendered":"https:\/\/www.nova-bz.org\/?p=4611"},"modified":"2021-09-02T17:03:13","modified_gmt":"2021-09-02T15:03:13","slug":"i-moka-dank-erfolgreicher-vorbilder-traeume-verwirklichen","status":"publish","type":"post","link":"https:\/\/www.nova-bz.org\/de\/i-moka-dank-erfolgreicher-vorbilder-traeume-verwirklichen\/","title":{"rendered":"I Moka &#8211; Dank erfolgreicher Vorbilder Tr\u00e4ume verwirklichen"},"content":{"rendered":"\n<p>Es ist nie zu sp\u00e4t, die eigenen Tr\u00e4ume zu verwirklichen. Das ist das Motto des Bozner <strong>Kollektivs I Moka<\/strong>, eine Gruppe von Freunden und Fachleuten, die im Theater und in der audiovisuellen Produktion t\u00e4tig sind und auch dieses Jahr die <strong><a href=\"https:\/\/www.generazioni.online\/it\/news\/16-percorsiit\/931-bando-generazioni-2021-presentati-oggi-pomeriggio-in-diretta-social-i-13-progetti-vincitori.html\" target=\"_blank\" rel=\"noreferrer noopener\">Ausschreibung Generationen 2021<\/a><\/strong> gewonnen haben. &#8222;Br\u00fccken: zwischen Traum und Wirklichkeit&#8220; m\u00f6chte <strong>die Tr\u00e4umer der Stadt finden<\/strong>, um sie mit Menschen in Kontakt zu setzen, die den eigenen Traum bereits verwirklicht haben. In den Randvierteln Bozens m\u00f6chte I Moka gemeinsam mit der Genossenschaft Eureka verschiedene Lebenserfahrungen in Verbindung setzen, um<strong> Begegnungen zu erm\u00f6glichen und Erfahrungen zu teilen<\/strong>. Das Ergebnis des Projektes wird in einem Video mit Interviews und den zentralen Momenten zusammengefasst und von einer Ausstellung mit Portraitfotos im Street Art-Stil umrahmt.<\/p>\n\n\n\n<h2 class=\"wp-block-heading\"><strong>Die Inspiration wiederfinden<\/strong><\/h2>\n\n\n\n<p>Die Pandemie hat eine Reihe von Einschr\u00e4nkungen mit sich gebracht, die viele Menschen gezwungen hat, ihre Ziele herunterzuschrauben und manchmal auch aus Notwendigkeit neue Wege einzuschlagen. Andererseits war dies f\u00fcr manche eine <strong>gute Gelegenheit, alte, bereits beiseitegelegte Projekte wieder in die Hand zu nehmen<\/strong> und sich T\u00e4tigkeiten zu widmen, die im Alltagsleben hintenangestellt wurden. &#8222;Br\u00fccken: zwischen Traum und Wirklichkeit&#8220; hilft allen, die einer Leidenschaft nachgehen, sich wieder inspirieren zu lassen. &#8222;Das ist unsere Antwort auf das Thema der diesj\u00e4hrigen Ausschreibung <em>Aspirations &amp; Inspirations<\/em>&#8222;, erkl\u00e4rt <strong>Anika Schluderbacher<\/strong>, Schauspielerin und Regisseurin bei ihrer ersten Filmerfahrung, sowie Gr\u00fcnderin von I Moka. <\/p>\n\n\n\n<blockquote class=\"wp-block-quote is-layout-flow wp-block-quote-is-layout-flow\"><p>&#8222;Wir haben beschlossen, neue Herausforderungen anzugehen, indem wir die verschiedenen <strong>beruflichen Kompetenzen der Gruppe verbinden und uns in den Dienst eines Gebietes stellen, das richtigerweise aufgewertet werden muss<\/strong>. Wir haben den Tr\u00e4umen, die wir suchten, keinerlei Grenzen gesetzt: Egal ob klein oder gro\u00df, wichtig ist, ihnen immer eine Chance zu geben&#8220;.<\/p><\/blockquote>\n\n\n\n<p>Bestimmt wurde diese Entscheidung auch von den pers\u00f6nlichen Erfahrungen des Kollektivs, das heute seinerseits etwas f\u00fcr die Gemeinschaft tun m\u00f6chte. &#8222;Wir hatten das Gl\u00fcck, jemanden zu finden, der an unsere Tr\u00e4ume geglaubt und uns eine Chance gegeben hat. Deshalb danken wir auch der Organisation der Ausschreibung Generationen, die uns wieder die M\u00f6glichkeit gegeben hat, zu wachsen und neue Ziele zu erreichen. Heute m\u00f6chten wir diese Werte mit der Gemeinschaft teilen&#8220;.<\/p>\n\n\n\n<h2 class=\"wp-block-heading\"><strong>I Moka auf Geschichtenjagd<\/strong><\/h2>\n\n\n\n<p>Das Projekt wird sich in verschiedenen Phasen abwickeln, in denen auch andere Personen des Gebietes miteinbezogen werden. Zurzeit werden auf der <strong>Suche nach neuen Geschichten<\/strong> mit Hilfe von Valeria Trevisan und der <strong>Biblitohek Claudia Augusta<\/strong> die Randgebiete der Bozner Stadtviertel erhoben. Anschlie\u00dfend sollen die Interviews durchgef\u00fchrt werden, in denen Tr\u00e4umer und inspirierende Menschen die M\u00f6glichkeit haben, in Kontakt zu kommen. F\u00fcr die k\u00fcnstlerische Leitung des Videos ist Anika Schluderbacher zust\u00e4ndig, f\u00fcr die musikalische <strong>Maurizio Pala <\/strong>und f\u00fcr die audiovisuelle Samira Mosca \u2013 alle drei Mitglieder von I Moka. Mitglied und Fotografin <strong>Maria Radicchi <\/strong>wird sich um die Fotos der Ausstellung k\u00fcmmern. Mit dabei sind auch die Musiker <strong>Tea Ducato, Domenico Laratta, Marco Stagni, Antonio Del Giudice und das Bozner Konservatorium Monteverdi<\/strong>, die sich um den Soundtrack k\u00fcmmern werden. Das Projekt findet in Zusammenarbeit mit der <strong>Sozialgenosschenschaft Eureka<\/strong> statt. Unterst\u00fctzt wird es von <strong>Upad<\/strong> und vom Projekt MurArte des <strong>Vereins Volontarius<\/strong>.<\/p>\n\n\n\n<h2 class=\"wp-block-heading\"><strong>I Moka, die Metapher des Kaffees als Motor der Kreativit\u00e4t<\/strong><\/h2>\n\n\n\n<p>I Moka sind ein Kollektiv, das w\u00e4hrend der <strong>Ausschreibung Generationen 2020<\/strong> gegr\u00fcndet wurde. Mitglieder sind die Schauspielerin und Regisseurin Anika Schluderbacher, die Fotografin und Videoproduzentin Samira Mosca und der Musiker Maurizio Pala. Ihr gemeinsames Ziel war es, <strong>verschiedene Berufe aus dem Kunst- und Kulturbereich zu verbinden<\/strong> f\u00fcr neue Erfahrungen. Genau diese Eigenschaft verbindet sie mit dem Kaffee: <\/p>\n\n\n\n<blockquote class=\"wp-block-quote is-layout-flow wp-block-quote-is-layout-flow\"><p>&#8222;Im Gegensatz zu einer Institution haben wir keinen offiziellen Sitz. Unser <strong>Treffpunkt ist h\u00e4ufig unsere Lieblingsbar<\/strong>, ein gem\u00fctlicher Ort, wo im lockeren Gespr\u00e4ch neue Ideen entstehen k\u00f6nnen&#8220;. <\/p><\/blockquote>\n\n\n\n<p>Der Kaffee hat somit vielerlei Bedeutungen: ein warmes, einladendes Getr\u00e4nk, das auch<strong> Quelle f\u00fcr neue Energie ist und die Kreativit\u00e4t ankurbelt<\/strong>. &#8222;F\u00fcr uns symbolisiert der Kaffee den Ideentausch, etwas Einfaches, aber Intensives&#8220; erkl\u00e4rt Anika Schluderbacher abschlie\u00dfend.<\/p>\n\n\n\n<p>Das Projekt &#8222;Br\u00fccken: zwischen Traum und Wirklichkeit&#8220; steht allen offen. I Moka l\u00e4dt alle herzlichst ein, ihre Geschichte zu erz\u00e4hlen. Wer teilnehmen m\u00f6chte, kann eine <strong>E-Mail an <a href=\"mailto:mokabz@gmail.com\" target=\"_blank\" rel=\"noreferrer noopener\">mokabz@gmail.com<\/a> schicken<\/strong> oder die <strong><a href=\"https:\/\/www.facebook.com\/I-Moka-105499151445648\" target=\"_blank\" rel=\"noreferrer noopener\">Facebook-Seite von I Moka<\/a><\/strong> besuchen.<\/p>\n\n\n\n<p><em>Der Artikel wurde von Lisa Pontoni im Rahmen der Erfahrung mit Media Contest von Tempora ODV, die von Generationen und der Genossenschaft Mercurio unterst\u00fctzt wird, verfasst.<\/em><\/p>\n","protected":false},"excerpt":{"rendered":"<p>Das Projekt &#8222;Br\u00fccken: zwischen Traum und Wirklichkeit&#8220; des Kollektivs I Moka verkn\u00fcpft Lebensgeschichten aus Bozens Peripherie. Ein Gespr\u00e4ch mit Anika Schluderbacher.<\/p>\n","protected":false},"author":38,"featured_media":4631,"comment_status":"open","ping_status":"closed","sticky":false,"template":"","format":"standard","meta":{"_acf_changed":false,"yasr_overall_rating":0,"yasr_post_is_review":"","yasr_auto_insert_disabled":"","yasr_review_type":"","_jetpack_memberships_contains_paid_content":false,"footnotes":""},"categories":[58,229],"tags":[94,380,352],"class_list":["post-4611","post","type-post","status-publish","format-standard","has-post-thumbnail","hentry","category-aktuelles","category-kultur","tag-bozen","tag-jugendliche","tag-zukunft"],"acf":[],"yoast_head":"<!-- This site is optimized with the Yoast SEO plugin v25.3.1 - https:\/\/yoast.com\/wordpress\/plugins\/seo\/ -->\n<title>I Moka - Dank erfolgreicher Vorbilder Tr\u00e4ume verwirklichen - Nova<\/title>\n<meta name=\"description\" content=\"Das Projekt &quot;Br\u00fccken: zwischen Traum und Wirklichkeit&quot; des Kollektivs I Moka verkn\u00fcpft Lebensgeschichten aus Bozens Peripherie. Ein Gespr\u00e4ch mit Anika Schluderbacher.\" \/>\n<meta name=\"robots\" content=\"index, follow, max-snippet:-1, max-image-preview:large, max-video-preview:-1\" \/>\n<link rel=\"canonical\" href=\"https:\/\/www.nova-bz.org\/de\/i-moka-dank-erfolgreicher-vorbilder-traeume-verwirklichen\/\" \/>\n<meta property=\"og:locale\" content=\"de_DE\" \/>\n<meta property=\"og:type\" content=\"article\" \/>\n<meta property=\"og:title\" content=\"I Moka - Artikel von Generazioni\" \/>\n<meta property=\"og:description\" content=\"Das Projekt &quot;Br\u00fccken: zwischen Traum und Wirklichkeit&quot; des Kollektivs I Moka verkn\u00fcpft Lebensgeschichten aus Bozens Peripherie. Ein Gespr\u00e4ch mit Anika Schluderbacher.\" \/>\n<meta property=\"og:url\" content=\"https:\/\/www.nova-bz.org\/de\/i-moka-dank-erfolgreicher-vorbilder-traeume-verwirklichen\/\" \/>\n<meta property=\"og:site_name\" content=\"Nova\" \/>\n<meta property=\"article:publisher\" content=\"https:\/\/www.facebook.com\/novabz.org\" \/>\n<meta property=\"article:published_time\" content=\"2021-08-25T13:56:31+00:00\" \/>\n<meta property=\"article:modified_time\" content=\"2021-09-02T15:03:13+00:00\" \/>\n<meta property=\"og:image\" content=\"https:\/\/www.nova-bz.org\/wp-content\/uploads\/2021\/08\/i-moka.jpg\" \/>\n\t<meta property=\"og:image:width\" content=\"2400\" \/>\n\t<meta property=\"og:image:height\" content=\"1800\" \/>\n\t<meta property=\"og:image:type\" content=\"image\/jpeg\" \/>\n<meta name=\"author\" content=\"Generazioni\" \/>\n<meta name=\"twitter:card\" content=\"summary_large_image\" \/>\n<meta name=\"twitter:title\" content=\"I Moka - Artikel von Generazioni\" \/>\n<meta name=\"twitter:description\" content=\"Das Projekt &quot;Br\u00fccken: zwischen Traum und Wirklichkeit&quot; des Kollektivs I Moka verkn\u00fcpft Lebensgeschichten aus Bozens Peripherie. Ein Gespr\u00e4ch mit Anika Schluderbacher.\" \/>\n<meta name=\"twitter:image\" content=\"https:\/\/www.nova-bz.org\/wp-content\/uploads\/2021\/08\/i-moka.jpg\" \/>\n<meta name=\"twitter:creator\" content=\"@nova_bz_org\" \/>\n<meta name=\"twitter:site\" content=\"@nova_bz_org\" \/>\n<meta name=\"twitter:label1\" content=\"Verfasst von\" \/>\n\t<meta name=\"twitter:data1\" content=\"Generazioni\" \/>\n\t<meta name=\"twitter:label2\" content=\"Gesch\u00e4tzte Lesezeit\" \/>\n\t<meta name=\"twitter:data2\" content=\"4\u00a0Minuten\" \/>\n<script type=\"application\/ld+json\" class=\"yoast-schema-graph\">{\"@context\":\"https:\/\/schema.org\",\"@graph\":[{\"@type\":\"WebPage\",\"@id\":\"https:\/\/www.nova-bz.org\/de\/i-moka-dank-erfolgreicher-vorbilder-traeume-verwirklichen\/\",\"url\":\"https:\/\/www.nova-bz.org\/de\/i-moka-dank-erfolgreicher-vorbilder-traeume-verwirklichen\/\",\"name\":\"I Moka - Dank erfolgreicher Vorbilder Tr\u00e4ume verwirklichen - Nova\",\"isPartOf\":{\"@id\":\"https:\/\/www.nova-bz.org\/#website\"},\"primaryImageOfPage\":{\"@id\":\"https:\/\/www.nova-bz.org\/de\/i-moka-dank-erfolgreicher-vorbilder-traeume-verwirklichen\/#primaryimage\"},\"image\":{\"@id\":\"https:\/\/www.nova-bz.org\/de\/i-moka-dank-erfolgreicher-vorbilder-traeume-verwirklichen\/#primaryimage\"},\"thumbnailUrl\":\"https:\/\/www.nova-bz.org\/wp-content\/uploads\/2021\/08\/i-moka.jpg\",\"datePublished\":\"2021-08-25T13:56:31+00:00\",\"dateModified\":\"2021-09-02T15:03:13+00:00\",\"author\":{\"@id\":\"https:\/\/www.nova-bz.org\/#\/schema\/person\/f22fc970be5263c677904d5ce54c3cd4\"},\"description\":\"Das Projekt \\\"Br\u00fccken: zwischen Traum und Wirklichkeit\\\" des Kollektivs I Moka verkn\u00fcpft Lebensgeschichten aus Bozens Peripherie. Ein Gespr\u00e4ch mit Anika Schluderbacher.\",\"breadcrumb\":{\"@id\":\"https:\/\/www.nova-bz.org\/de\/i-moka-dank-erfolgreicher-vorbilder-traeume-verwirklichen\/#breadcrumb\"},\"inLanguage\":\"de\",\"potentialAction\":[{\"@type\":\"ReadAction\",\"target\":[\"https:\/\/www.nova-bz.org\/de\/i-moka-dank-erfolgreicher-vorbilder-traeume-verwirklichen\/\"]}]},{\"@type\":\"ImageObject\",\"inLanguage\":\"de\",\"@id\":\"https:\/\/www.nova-bz.org\/de\/i-moka-dank-erfolgreicher-vorbilder-traeume-verwirklichen\/#primaryimage\",\"url\":\"https:\/\/www.nova-bz.org\/wp-content\/uploads\/2021\/08\/i-moka.jpg\",\"contentUrl\":\"https:\/\/www.nova-bz.org\/wp-content\/uploads\/2021\/08\/i-moka.jpg\",\"width\":2400,\"height\":1800,\"caption\":\"i moka\"},{\"@type\":\"BreadcrumbList\",\"@id\":\"https:\/\/www.nova-bz.org\/de\/i-moka-dank-erfolgreicher-vorbilder-traeume-verwirklichen\/#breadcrumb\",\"itemListElement\":[{\"@type\":\"ListItem\",\"position\":1,\"name\":\"Home\",\"item\":\"https:\/\/www.nova-bz.org\/de\/\"},{\"@type\":\"ListItem\",\"position\":2,\"name\":\"I Moka &#8211; Dank erfolgreicher Vorbilder Tr\u00e4ume verwirklichen\"}]},{\"@type\":\"WebSite\",\"@id\":\"https:\/\/www.nova-bz.org\/#website\",\"url\":\"https:\/\/www.nova-bz.org\/\",\"name\":\"Nova\",\"description\":\"Wir m\u00f6chten Dich f\u00fcr Politik begeistern\",\"potentialAction\":[{\"@type\":\"SearchAction\",\"target\":{\"@type\":\"EntryPoint\",\"urlTemplate\":\"https:\/\/www.nova-bz.org\/?s={search_term_string}\"},\"query-input\":{\"@type\":\"PropertyValueSpecification\",\"valueRequired\":true,\"valueName\":\"search_term_string\"}}],\"inLanguage\":\"de\"},{\"@type\":\"Person\",\"@id\":\"https:\/\/www.nova-bz.org\/#\/schema\/person\/f22fc970be5263c677904d5ce54c3cd4\",\"name\":\"Generazioni\",\"image\":{\"@type\":\"ImageObject\",\"inLanguage\":\"de\",\"@id\":\"https:\/\/www.nova-bz.org\/#\/schema\/person\/image\/\",\"url\":\"https:\/\/www.nova-bz.org\/wp-content\/uploads\/letter-avatar\/1dc421c9eac44f6a2ddadb2655587326.svg\",\"contentUrl\":\"https:\/\/www.nova-bz.org\/wp-content\/uploads\/letter-avatar\/1dc421c9eac44f6a2ddadb2655587326.svg\",\"caption\":\"Generazioni\"}},false]}<\/script>\n<!-- \/ Yoast SEO plugin. -->","yoast_head_json":{"title":"I Moka - Dank erfolgreicher Vorbilder Tr\u00e4ume verwirklichen - Nova","description":"Das Projekt \"Br\u00fccken: zwischen Traum und Wirklichkeit\" des Kollektivs I Moka verkn\u00fcpft Lebensgeschichten aus Bozens Peripherie. Ein Gespr\u00e4ch mit Anika Schluderbacher.","robots":{"index":"index","follow":"follow","max-snippet":"max-snippet:-1","max-image-preview":"max-image-preview:large","max-video-preview":"max-video-preview:-1"},"canonical":"https:\/\/www.nova-bz.org\/de\/i-moka-dank-erfolgreicher-vorbilder-traeume-verwirklichen\/","og_locale":"de_DE","og_type":"article","og_title":"I Moka - Artikel von Generazioni","og_description":"Das Projekt \"Br\u00fccken: zwischen Traum und Wirklichkeit\" des Kollektivs I Moka verkn\u00fcpft Lebensgeschichten aus Bozens Peripherie. Ein Gespr\u00e4ch mit Anika Schluderbacher.","og_url":"https:\/\/www.nova-bz.org\/de\/i-moka-dank-erfolgreicher-vorbilder-traeume-verwirklichen\/","og_site_name":"Nova","article_publisher":"https:\/\/www.facebook.com\/novabz.org","article_published_time":"2021-08-25T13:56:31+00:00","article_modified_time":"2021-09-02T15:03:13+00:00","og_image":[{"width":2400,"height":1800,"url":"https:\/\/www.nova-bz.org\/wp-content\/uploads\/2021\/08\/i-moka.jpg","type":"image\/jpeg"}],"author":"Generazioni","twitter_card":"summary_large_image","twitter_title":"I Moka - Artikel von Generazioni","twitter_description":"Das Projekt \"Br\u00fccken: zwischen Traum und Wirklichkeit\" des Kollektivs I Moka verkn\u00fcpft Lebensgeschichten aus Bozens Peripherie. Ein Gespr\u00e4ch mit Anika Schluderbacher.","twitter_image":"https:\/\/www.nova-bz.org\/wp-content\/uploads\/2021\/08\/i-moka.jpg","twitter_creator":"@nova_bz_org","twitter_site":"@nova_bz_org","twitter_misc":{"Verfasst von":"Generazioni","Gesch\u00e4tzte Lesezeit":"4\u00a0Minuten"},"schema":{"@context":"https:\/\/schema.org","@graph":[{"@type":"WebPage","@id":"https:\/\/www.nova-bz.org\/de\/i-moka-dank-erfolgreicher-vorbilder-traeume-verwirklichen\/","url":"https:\/\/www.nova-bz.org\/de\/i-moka-dank-erfolgreicher-vorbilder-traeume-verwirklichen\/","name":"I Moka - Dank erfolgreicher Vorbilder Tr\u00e4ume verwirklichen - Nova","isPartOf":{"@id":"https:\/\/www.nova-bz.org\/#website"},"primaryImageOfPage":{"@id":"https:\/\/www.nova-bz.org\/de\/i-moka-dank-erfolgreicher-vorbilder-traeume-verwirklichen\/#primaryimage"},"image":{"@id":"https:\/\/www.nova-bz.org\/de\/i-moka-dank-erfolgreicher-vorbilder-traeume-verwirklichen\/#primaryimage"},"thumbnailUrl":"https:\/\/www.nova-bz.org\/wp-content\/uploads\/2021\/08\/i-moka.jpg","datePublished":"2021-08-25T13:56:31+00:00","dateModified":"2021-09-02T15:03:13+00:00","author":{"@id":"https:\/\/www.nova-bz.org\/#\/schema\/person\/f22fc970be5263c677904d5ce54c3cd4"},"description":"Das Projekt \"Br\u00fccken: zwischen Traum und Wirklichkeit\" des Kollektivs I Moka verkn\u00fcpft Lebensgeschichten aus Bozens Peripherie. Ein Gespr\u00e4ch mit Anika Schluderbacher.","breadcrumb":{"@id":"https:\/\/www.nova-bz.org\/de\/i-moka-dank-erfolgreicher-vorbilder-traeume-verwirklichen\/#breadcrumb"},"inLanguage":"de","potentialAction":[{"@type":"ReadAction","target":["https:\/\/www.nova-bz.org\/de\/i-moka-dank-erfolgreicher-vorbilder-traeume-verwirklichen\/"]}]},{"@type":"ImageObject","inLanguage":"de","@id":"https:\/\/www.nova-bz.org\/de\/i-moka-dank-erfolgreicher-vorbilder-traeume-verwirklichen\/#primaryimage","url":"https:\/\/www.nova-bz.org\/wp-content\/uploads\/2021\/08\/i-moka.jpg","contentUrl":"https:\/\/www.nova-bz.org\/wp-content\/uploads\/2021\/08\/i-moka.jpg","width":2400,"height":1800,"caption":"i moka"},{"@type":"BreadcrumbList","@id":"https:\/\/www.nova-bz.org\/de\/i-moka-dank-erfolgreicher-vorbilder-traeume-verwirklichen\/#breadcrumb","itemListElement":[{"@type":"ListItem","position":1,"name":"Home","item":"https:\/\/www.nova-bz.org\/de\/"},{"@type":"ListItem","position":2,"name":"I Moka &#8211; Dank erfolgreicher Vorbilder Tr\u00e4ume verwirklichen"}]},{"@type":"WebSite","@id":"https:\/\/www.nova-bz.org\/#website","url":"https:\/\/www.nova-bz.org\/","name":"Nova","description":"Wir m\u00f6chten Dich f\u00fcr Politik begeistern","potentialAction":[{"@type":"SearchAction","target":{"@type":"EntryPoint","urlTemplate":"https:\/\/www.nova-bz.org\/?s={search_term_string}"},"query-input":{"@type":"PropertyValueSpecification","valueRequired":true,"valueName":"search_term_string"}}],"inLanguage":"de"},{"@type":"Person","@id":"https:\/\/www.nova-bz.org\/#\/schema\/person\/f22fc970be5263c677904d5ce54c3cd4","name":"Generazioni","image":{"@type":"ImageObject","inLanguage":"de","@id":"https:\/\/www.nova-bz.org\/#\/schema\/person\/image\/","url":"https:\/\/www.nova-bz.org\/wp-content\/uploads\/letter-avatar\/1dc421c9eac44f6a2ddadb2655587326.svg","contentUrl":"https:\/\/www.nova-bz.org\/wp-content\/uploads\/letter-avatar\/1dc421c9eac44f6a2ddadb2655587326.svg","caption":"Generazioni"}},false]}},"yasr_visitor_votes":{"stars_attributes":{"read_only":false,"span_bottom":false},"number_of_votes":0,"sum_votes":0},"jetpack_featured_media_url":"https:\/\/www.nova-bz.org\/wp-content\/uploads\/2021\/08\/i-moka.jpg","jetpack_sharing_enabled":true,"_links":{"self":[{"href":"https:\/\/www.nova-bz.org\/de\/wp-json\/wp\/v2\/posts\/4611","targetHints":{"allow":["GET"]}}],"collection":[{"href":"https:\/\/www.nova-bz.org\/de\/wp-json\/wp\/v2\/posts"}],"about":[{"href":"https:\/\/www.nova-bz.org\/de\/wp-json\/wp\/v2\/types\/post"}],"author":[{"embeddable":true,"href":"https:\/\/www.nova-bz.org\/de\/wp-json\/wp\/v2\/users\/38"}],"replies":[{"embeddable":true,"href":"https:\/\/www.nova-bz.org\/de\/wp-json\/wp\/v2\/comments?post=4611"}],"version-history":[{"count":6,"href":"https:\/\/www.nova-bz.org\/de\/wp-json\/wp\/v2\/posts\/4611\/revisions"}],"predecessor-version":[{"id":4678,"href":"https:\/\/www.nova-bz.org\/de\/wp-json\/wp\/v2\/posts\/4611\/revisions\/4678"}],"wp:featuredmedia":[{"embeddable":true,"href":"https:\/\/www.nova-bz.org\/de\/wp-json\/wp\/v2\/media\/4631"}],"wp:attachment":[{"href":"https:\/\/www.nova-bz.org\/de\/wp-json\/wp\/v2\/media?parent=4611"}],"wp:term":[{"taxonomy":"category","embeddable":true,"href":"https:\/\/www.nova-bz.org\/de\/wp-json\/wp\/v2\/categories?post=4611"},{"taxonomy":"post_tag","embeddable":true,"href":"https:\/\/www.nova-bz.org\/de\/wp-json\/wp\/v2\/tags?post=4611"}],"curies":[{"name":"wp","href":"https:\/\/api.w.org\/{rel}","templated":true}]}}