{"id":3025,"date":"2021-05-17T14:54:17","date_gmt":"2021-05-17T12:54:17","guid":{"rendered":"https:\/\/www.nova-bz.org\/?p=3025"},"modified":"2021-05-28T09:50:13","modified_gmt":"2021-05-28T07:50:13","slug":"konferenz-zur-zukunft-europas","status":"publish","type":"post","link":"https:\/\/www.nova-bz.org\/de\/konferenz-zur-zukunft-europas\/","title":{"rendered":"Konferenz zur Zukunft Europas"},"content":{"rendered":"\n<h2 class=\"wp-block-heading\">Kaffee oder CoFE? <\/h2>\n\n\n\n<p>Im Jahr 2019 hat EU-Kommissionspr\u00e4sidentin Ursula Von der Leyen einen <a href=\"https:\/\/www.agensir.it\/europa\/2019\/07\/15\/commissione-ue-von-der-leyen-svela-il-programma-clima-diritti-sociali-crescita-e-migrazioni\/\" target=\"_blank\" rel=\"noreferrer noopener\">Vorschlag<\/a> f\u00fcr eine umfassende Vertragsreform auf den Weg gebracht, der urspr\u00fcnglich vom franz\u00f6sischen Pr\u00e4sidenten Emmanuel Macron konzipiert wurde und den sie als <a href=\"https:\/\/de.wikipedia.org\/wiki\/Konferenz_zur_Zukunft_Europas\" target=\"_blank\" rel=\"noreferrer noopener\">Konferenz f\u00fcr die Zukunft Europas<\/a>, kurz CoFe, bezeichnet. Ihr Ziel ist es, ein neues Kapitel in der Geschichte der Europ\u00e4ischen Union aufzuschlagen, in dem die Stimme des Volkes eine zentrale Rolle spielen wird.<\/p>\n\n\n\n<p>Die Reform will die funktionalistische Sichtweise, die die europ\u00e4ische Integration immer gepr\u00e4gt hat, also wie funktioniert die Europ\u00e4ische Union und welche Kompetenzen \u00fcbt sie aus, durch eine neue institutionalistische Sichtweise ersetzen, also was ist die Europ\u00e4ische Union und was kann sie werden.<\/p>\n\n\n\n<p>In der anf\u00e4nglichen Konzeption der Konferenz wurden drei wichtige Momente vorgestellt:&nbsp;<\/p>\n\n\n\n<ul class=\"wp-block-list\"><li>Die erste war die Schaffung von B\u00fcrgerversammlungen in ganz Europa, um die Beteiligung der B\u00fcrger zu erweitern,&nbsp;<\/li><li>die zweite war die Schaffung von viertelj\u00e4hrlichen Veranstaltungen, jede mit einem spezifischen thematischen Thema f\u00fcr eine Dauer von zwei Jahren,&nbsp;<\/li><li>und die dritte war die Garantie einer m\u00f6glichst breiten Beteiligung an der Vollversammlung in Br\u00fcssel.&nbsp;<\/li><\/ul>\n\n\n\n<p>Die Absicht war, Vertreter der nationalen Parlamente, des Europ\u00e4ischen Parlaments, der nationalen Regierungen und der Europ\u00e4ischen Kommission einzuladen.<\/p>\n\n\n\n<h2 class=\"wp-block-heading\">Zwischen Reden und Tun liegt das Covid19<\/h2>\n\n\n\n<p>Der anf\u00e4ngliche Enthusiasmus, der den Start von CoFE am 9. Mai 2020, dem Europatag, vorsah, <a href=\"https:\/\/www.eunews.it\/2020\/05\/05\/slitta-causa-pandemia-la-conferenza-sul-futuro-delleuropa\/129710\" target=\"_blank\" rel=\"noreferrer noopener\">ver\u00e4nderte sich mit dem Ausbruch der Pandemie Covid 19<\/a>, die eine Krise in der gesamten Weltwirtschaft ausl\u00f6ste und ein Klima des Misstrauens in die europ\u00e4ische und internationale Zusammenarbeit mit sich brachte, auf das die Regierungen national und unsolidarisch reagierten.<\/p>\n\n\n\n<p>Nach der ersten Welle hatte die EU mit einem au\u00dferordentlichen Investitionspaket namens <a href=\"https:\/\/www.ilsole24ore.com\/art\/next-generation-eu-cos-e-e-perche-l-europa-deve-correre-fondi-la-ripresa-covid-ADlKpzMB\" target=\"_blank\" rel=\"noreferrer noopener\">Next Generation EU<\/a> reagiert, w\u00e4hrend die CoFE-Initiative im Sand verlief.<\/p>\n\n\n\n<p>W\u00e4hrend der deutschen Ratspr\u00e4sidentschaft hatte sich Angela Merkel das Ziel gesetzt, die <a href=\"https:\/\/www.affarinternazionali.it\/2021\/03\/al-via-la-conferenza-sul-futuro-delleuropa-un-anno-per-ripensare-lue\/\" target=\"_blank\" rel=\"noreferrer noopener\">Konferenz neu zu planen<\/a>. Nach mehreren Debatten musste die Konferenz in ihrem Umfang reduziert werden, wobei die Hauptziele darin bestanden, den B\u00fcrgern zuzuh\u00f6ren und nur das Wahlrecht zu reformieren. Au\u00dferdem entstand eine Debatte \u00fcber die Governance, d.h. welche Institution den Vorsitz der Konferenz \u00fcbernehmen sollte, Kommission, Parlament oder Rat, was in eine Sackgasse f\u00fchrte und das Vorhaben bis Ende 2020 unterbrach.<\/p>\n\n\n\n<h2 class=\"wp-block-heading\"><strong>Ein neuer Anfang?<\/strong><\/h2>\n\n\n\n<p>Mit dem Beginn der neuen portugiesischen Pr\u00e4sidentschaft wurde am 10. M\u00e4rz nach einem Treffen mit dem Pr\u00e4sidenten des Europ\u00e4ischen Parlaments David Sassoli und dem portugiesischen Premierminister Antonio Costa beschlossen, einen Durchbruch zu erzielen, indem die Idee einer mehrsprachigen digitalen Plattform vorgeschlagen wurde, die die verschiedenen Veranstaltungen in den Mitgliedsstaaten beherbergen und Diskussionen und Debatten mit der Beteiligung der B\u00fcrger online erm\u00f6glichen soll. Die vorgeschlagenen Themen werden sein: Gesundheit, Klimawandel, soziale Gerechtigkeit, digitale Transformation, die Rolle der EU in der Welt und die St\u00e4rkung der demokratischen Prozesse, die die EU regieren.<\/p>\n\n\n\n<div class=\"wp-block-image is-style-default\"><figure class=\"aligncenter size-large is-resized\"><img loading=\"lazy\" decoding=\"async\" src=\"https:\/\/www.nova-bz.org\/wp-content\/uploads\/2021\/05\/EU-Konferenz-Zukunft-1.png\" alt=\"Logo \u00a9 futureu.europa.eu\" class=\"wp-image-3780\" width=\"382\" height=\"133\" srcset=\"https:\/\/www.nova-bz.org\/wp-content\/uploads\/2021\/05\/EU-Konferenz-Zukunft-1.png 382w, https:\/\/www.nova-bz.org\/wp-content\/uploads\/2021\/05\/EU-Konferenz-Zukunft-1-300x104.png 300w\" sizes=\"auto, (max-width: 382px) 100vw, 382px\" \/><figcaption>Offizielles Logo der Kampagne<br>(\u00a9 futureu.europa.eu)<\/figcaption><\/figure><\/div>\n\n\n\n<h2 class=\"wp-block-heading\">Junge Menschen und Europa<\/h2>\n\n\n\n<p>Mit anderen Jugendlichen und Studenten aus S\u00fcdtirol haben wir eine Gruppe namens<a href=\"http:\/\/filippobadolato.eu\/stammtisch-europa\/\" target=\"_blank\" rel=\"noreferrer noopener\"> <strong>Stammtisch Europa<\/strong><\/a> gegr\u00fcndet, um die Anliegen der Jugendlichen zu sammeln, gemeinsam Veranstaltungen zu gestalten und unsere Ideen w\u00e4hrend der Konferenz den europ\u00e4ischen Institutionen pr\u00e4sentieren zu k\u00f6nnen. Denn die Europ\u00e4ische Union ist nicht nur eine Ansammlung von Institutionen und \u00c4mtern, sondern sie sind wir, 500 Millionen B\u00fcrgerinnen und B\u00fcrger, und jetzt ist es an der Zeit, unsere Zukunft gemeinsam zu gestalten, von S\u00fcdtirol bis Br\u00fcssel. Die Zukunft liegt in unseren H\u00e4nden! <\/p>\n\n\n\n<p>Wird es der Konferenz gelingen, ein echter Raum f\u00fcr B\u00fcrgerbeteiligung zu werden und dann eine Reform in ganz Europa auszul\u00f6sen? Das werden wir nur sehen, wenn wir die gesamte Konferenz verfolgen. Wir Jungen werden dort sein, du auch?<\/p>\n\n\n\n<h4 class=\"wp-block-heading\">Interessanter Link zum Thema<\/h4>\n\n\n\n<ul class=\"wp-block-list\"><li>Stammtisch Europa in S\u00fcdtirol: <a href=\"http:\/\/filippobadolato.eu\/stammtisch-europa\/\" target=\"_blank\" rel=\"noreferrer noopener\">http:\/\/filippobadolato.eu\/stammtisch-europa\/<\/a><\/li><li>Stammtisch Europa in S\u00fcdtirol auf Telegram: <a href=\"https:\/\/t.me\/StammtischEuropa\" target=\"_blank\" rel=\"noreferrer noopener\">https:\/\/t.me\/StammtischEuropa<\/a><\/li><\/ul>\n\n\n\n<h4 class=\"wp-block-heading\">Quellenverzeichnis<\/h4>\n\n\n\n<ul class=\"wp-block-list\"><li><a href=\"https:\/\/ec.europa.eu\/info\/strategy\/priorities-2019-2024\/new-push-european-democracy\/conference-future-europe_de\" target=\"_blank\" rel=\"noreferrer noopener\">ec.europa.eu<\/a><\/li><li><a href=\"https:\/\/www.affarinternazionali.it\/2021\/03\/al-via-la-conferenza-sul-futuro-delleuropa-un-anno-per-ripensare-lue\/\" target=\"_blank\" rel=\"noreferrer noopener\">www.affarinternazionali.it<\/a><\/li><li><a href=\"https:\/\/de.wikipedia.org\/wiki\/Konferenz_zur_Zukunft_Europas\" target=\"_blank\" rel=\"noreferrer noopener\">www.wikipedia.org\/wiki\/Konferenz_zur_Zukunft_Europas<\/a><\/li><li><a href=\"https:\/\/www.ilsole24ore.com\/art\/next-generation-eu-cos-e-e-perche-l-europa-deve-correre-fondi-la-ripresa-covid-ADlKpzMB\" target=\"_blank\" rel=\"noreferrer noopener\">www.ilsole24ore.com<\/a><\/li><li><a href=\"https:\/\/www.eunews.it\/2020\/05\/05\/slitta-causa-pandemia-la-conferenza-sul-futuro-delleuropa\/129710\" target=\"_blank\" rel=\"noreferrer noopener\">www.eunews.it<\/a><\/li><li><a href=\"https:\/\/www.agensir.it\/europa\/2019\/07\/15\/commissione-ue-von-der-leyen-svela-il-programma-clima-diritti-sociali-crescita-e-migrazioni\/\" target=\"_blank\" rel=\"noreferrer noopener\">www.agensir.it<\/a><\/li><\/ul>\n","protected":false},"excerpt":{"rendered":"<p>Die Konferenz der Zukunft Europas &#8211; kurz CoFE &#8211; ist f\u00fcr uns junge Leute eine Chance, die wir nicht verpassen sollten!<\/p>\n","protected":false},"author":33,"featured_media":3817,"comment_status":"open","ping_status":"closed","sticky":false,"template":"","format":"standard","meta":{"_acf_changed":false,"yasr_overall_rating":0,"yasr_post_is_review":"","yasr_auto_insert_disabled":"","yasr_review_type":"","_jetpack_memberships_contains_paid_content":false,"footnotes":""},"categories":[58,228],"tags":[269,256,320,352],"class_list":["post-3025","post","type-post","status-publish","format-standard","has-post-thumbnail","hentry","category-aktuelles","category-gesellschaft","tag-europa-2","tag-mach-mit","tag-partizipation","tag-zukunft"],"acf":[],"yoast_head":"<!-- This site is optimized with the Yoast SEO plugin v25.3.1 - https:\/\/yoast.com\/wordpress\/plugins\/seo\/ -->\n<title>Konferenz zur Zukunft Europas - Nova<\/title>\n<meta name=\"description\" content=\"Die Konferenz der Zukunft Europas - kurz CoFE - ist f\u00fcr uns junge Leute eine Chance, die wir nicht verpassen sollten!\" \/>\n<meta name=\"robots\" content=\"index, follow, max-snippet:-1, max-image-preview:large, max-video-preview:-1\" \/>\n<link rel=\"canonical\" href=\"https:\/\/www.nova-bz.org\/la-conferenza-sul-futuro-delleuropa\/\" \/>\n<meta property=\"og:locale\" content=\"de_DE\" \/>\n<meta property=\"og:type\" content=\"article\" \/>\n<meta property=\"og:title\" content=\"Konferenz der Zukunft Europas - Artikel von Filippo Badolato\" \/>\n<meta property=\"og:description\" content=\"Die Konferenz der Zukunft Europas - kurz CoFE - ist f\u00fcr uns junge Leute eine Chance, die wir nicht verpassen sollten!\" \/>\n<meta property=\"og:url\" content=\"https:\/\/www.nova-bz.org\/la-conferenza-sul-futuro-delleuropa\/\" \/>\n<meta property=\"og:site_name\" content=\"Nova\" \/>\n<meta property=\"article:publisher\" content=\"https:\/\/www.facebook.com\/novabz.org\" \/>\n<meta property=\"article:published_time\" content=\"2021-05-17T12:54:17+00:00\" \/>\n<meta property=\"article:modified_time\" content=\"2021-05-28T07:50:13+00:00\" \/>\n<meta property=\"og:image\" content=\"https:\/\/www.nova-bz.org\/wp-content\/uploads\/2021\/02\/facebook_image.png\" \/>\n\t<meta property=\"og:image:width\" content=\"1200\" \/>\n\t<meta property=\"og:image:height\" content=\"627\" \/>\n\t<meta property=\"og:image:type\" content=\"image\/png\" \/>\n<meta name=\"author\" content=\"Filippo Badolato\" \/>\n<meta name=\"twitter:card\" content=\"summary_large_image\" \/>\n<meta name=\"twitter:title\" content=\"Konferenz der Zukunft Europas - Artikel von Filippo Badolato\" \/>\n<meta name=\"twitter:description\" content=\"Die Konferenz der Zukunft Europas - kurz CoFE - ist f\u00fcr uns junge Leute eine Chance, die wir nicht verpassen sollten!\" \/>\n<meta name=\"twitter:creator\" content=\"@nova_bz_org\" \/>\n<meta name=\"twitter:site\" content=\"@nova_bz_org\" \/>\n<meta name=\"twitter:label1\" content=\"Verfasst von\" \/>\n\t<meta name=\"twitter:data1\" content=\"Filippo Badolato\" \/>\n\t<meta name=\"twitter:label2\" content=\"Gesch\u00e4tzte Lesezeit\" \/>\n\t<meta name=\"twitter:data2\" content=\"3\u00a0Minuten\" \/>\n<script type=\"application\/ld+json\" class=\"yoast-schema-graph\">{\"@context\":\"https:\/\/schema.org\",\"@graph\":[{\"@type\":\"WebPage\",\"@id\":\"https:\/\/www.nova-bz.org\/la-conferenza-sul-futuro-delleuropa\/\",\"url\":\"https:\/\/www.nova-bz.org\/la-conferenza-sul-futuro-delleuropa\/\",\"name\":\"Konferenz zur Zukunft Europas - Nova\",\"isPartOf\":{\"@id\":\"https:\/\/www.nova-bz.org\/#website\"},\"primaryImageOfPage\":{\"@id\":\"https:\/\/www.nova-bz.org\/la-conferenza-sul-futuro-delleuropa\/#primaryimage\"},\"image\":{\"@id\":\"https:\/\/www.nova-bz.org\/la-conferenza-sul-futuro-delleuropa\/#primaryimage\"},\"thumbnailUrl\":\"https:\/\/www.nova-bz.org\/wp-content\/uploads\/2021\/05\/europa-f.jpg\",\"datePublished\":\"2021-05-17T12:54:17+00:00\",\"dateModified\":\"2021-05-28T07:50:13+00:00\",\"author\":{\"@id\":\"https:\/\/www.nova-bz.org\/#\/schema\/person\/c7087d8399c951ea8f92d2cf02eedce2\"},\"description\":\"Die Konferenz der Zukunft Europas - kurz CoFE - ist f\u00fcr uns junge Leute eine Chance, die wir nicht verpassen sollten!\",\"breadcrumb\":{\"@id\":\"https:\/\/www.nova-bz.org\/la-conferenza-sul-futuro-delleuropa\/#breadcrumb\"},\"inLanguage\":\"de\",\"potentialAction\":[{\"@type\":\"ReadAction\",\"target\":[\"https:\/\/www.nova-bz.org\/la-conferenza-sul-futuro-delleuropa\/\"]}]},{\"@type\":\"ImageObject\",\"inLanguage\":\"de\",\"@id\":\"https:\/\/www.nova-bz.org\/la-conferenza-sul-futuro-delleuropa\/#primaryimage\",\"url\":\"https:\/\/www.nova-bz.org\/wp-content\/uploads\/2021\/05\/europa-f.jpg\",\"contentUrl\":\"https:\/\/www.nova-bz.org\/wp-content\/uploads\/2021\/05\/europa-f.jpg\",\"width\":2400,\"height\":1800,\"caption\":\"europa menschen\"},{\"@type\":\"BreadcrumbList\",\"@id\":\"https:\/\/www.nova-bz.org\/la-conferenza-sul-futuro-delleuropa\/#breadcrumb\",\"itemListElement\":[{\"@type\":\"ListItem\",\"position\":1,\"name\":\"Home\",\"item\":\"https:\/\/www.nova-bz.org\/de\/\"},{\"@type\":\"ListItem\",\"position\":2,\"name\":\"Konferenz zur Zukunft Europas\"}]},{\"@type\":\"WebSite\",\"@id\":\"https:\/\/www.nova-bz.org\/#website\",\"url\":\"https:\/\/www.nova-bz.org\/\",\"name\":\"Nova\",\"description\":\"Wir m\u00f6chten Dich f\u00fcr Politik begeistern\",\"potentialAction\":[{\"@type\":\"SearchAction\",\"target\":{\"@type\":\"EntryPoint\",\"urlTemplate\":\"https:\/\/www.nova-bz.org\/?s={search_term_string}\"},\"query-input\":{\"@type\":\"PropertyValueSpecification\",\"valueRequired\":true,\"valueName\":\"search_term_string\"}}],\"inLanguage\":\"de\"},{\"@type\":\"Person\",\"@id\":\"https:\/\/www.nova-bz.org\/#\/schema\/person\/c7087d8399c951ea8f92d2cf02eedce2\",\"name\":\"Filippo Badolato\",\"image\":{\"@type\":\"ImageObject\",\"inLanguage\":\"de\",\"@id\":\"https:\/\/www.nova-bz.org\/#\/schema\/person\/image\/\",\"url\":\"https:\/\/www.nova-bz.org\/wp-content\/uploads\/avatars\/33\/60352654c800c-bpfull.jpg\",\"contentUrl\":\"https:\/\/www.nova-bz.org\/wp-content\/uploads\/avatars\/33\/60352654c800c-bpfull.jpg\",\"caption\":\"Filippo Badolato\"}},false]}<\/script>\n<!-- \/ Yoast SEO plugin. -->","yoast_head_json":{"title":"Konferenz zur Zukunft Europas - Nova","description":"Die Konferenz der Zukunft Europas - kurz CoFE - ist f\u00fcr uns junge Leute eine Chance, die wir nicht verpassen sollten!","robots":{"index":"index","follow":"follow","max-snippet":"max-snippet:-1","max-image-preview":"max-image-preview:large","max-video-preview":"max-video-preview:-1"},"canonical":"https:\/\/www.nova-bz.org\/la-conferenza-sul-futuro-delleuropa\/","og_locale":"de_DE","og_type":"article","og_title":"Konferenz der Zukunft Europas - Artikel von Filippo Badolato","og_description":"Die Konferenz der Zukunft Europas - kurz CoFE - ist f\u00fcr uns junge Leute eine Chance, die wir nicht verpassen sollten!","og_url":"https:\/\/www.nova-bz.org\/la-conferenza-sul-futuro-delleuropa\/","og_site_name":"Nova","article_publisher":"https:\/\/www.facebook.com\/novabz.org","article_published_time":"2021-05-17T12:54:17+00:00","article_modified_time":"2021-05-28T07:50:13+00:00","og_image":[{"width":1200,"height":627,"url":"https:\/\/www.nova-bz.org\/wp-content\/uploads\/2021\/02\/facebook_image.png","type":"image\/png"}],"author":"Filippo Badolato","twitter_card":"summary_large_image","twitter_title":"Konferenz der Zukunft Europas - Artikel von Filippo Badolato","twitter_description":"Die Konferenz der Zukunft Europas - kurz CoFE - ist f\u00fcr uns junge Leute eine Chance, die wir nicht verpassen sollten!","twitter_creator":"@nova_bz_org","twitter_site":"@nova_bz_org","twitter_misc":{"Verfasst von":"Filippo Badolato","Gesch\u00e4tzte Lesezeit":"3\u00a0Minuten"},"schema":{"@context":"https:\/\/schema.org","@graph":[{"@type":"WebPage","@id":"https:\/\/www.nova-bz.org\/la-conferenza-sul-futuro-delleuropa\/","url":"https:\/\/www.nova-bz.org\/la-conferenza-sul-futuro-delleuropa\/","name":"Konferenz zur Zukunft Europas - Nova","isPartOf":{"@id":"https:\/\/www.nova-bz.org\/#website"},"primaryImageOfPage":{"@id":"https:\/\/www.nova-bz.org\/la-conferenza-sul-futuro-delleuropa\/#primaryimage"},"image":{"@id":"https:\/\/www.nova-bz.org\/la-conferenza-sul-futuro-delleuropa\/#primaryimage"},"thumbnailUrl":"https:\/\/www.nova-bz.org\/wp-content\/uploads\/2021\/05\/europa-f.jpg","datePublished":"2021-05-17T12:54:17+00:00","dateModified":"2021-05-28T07:50:13+00:00","author":{"@id":"https:\/\/www.nova-bz.org\/#\/schema\/person\/c7087d8399c951ea8f92d2cf02eedce2"},"description":"Die Konferenz der Zukunft Europas - kurz CoFE - ist f\u00fcr uns junge Leute eine Chance, die wir nicht verpassen sollten!","breadcrumb":{"@id":"https:\/\/www.nova-bz.org\/la-conferenza-sul-futuro-delleuropa\/#breadcrumb"},"inLanguage":"de","potentialAction":[{"@type":"ReadAction","target":["https:\/\/www.nova-bz.org\/la-conferenza-sul-futuro-delleuropa\/"]}]},{"@type":"ImageObject","inLanguage":"de","@id":"https:\/\/www.nova-bz.org\/la-conferenza-sul-futuro-delleuropa\/#primaryimage","url":"https:\/\/www.nova-bz.org\/wp-content\/uploads\/2021\/05\/europa-f.jpg","contentUrl":"https:\/\/www.nova-bz.org\/wp-content\/uploads\/2021\/05\/europa-f.jpg","width":2400,"height":1800,"caption":"europa menschen"},{"@type":"BreadcrumbList","@id":"https:\/\/www.nova-bz.org\/la-conferenza-sul-futuro-delleuropa\/#breadcrumb","itemListElement":[{"@type":"ListItem","position":1,"name":"Home","item":"https:\/\/www.nova-bz.org\/de\/"},{"@type":"ListItem","position":2,"name":"Konferenz zur Zukunft Europas"}]},{"@type":"WebSite","@id":"https:\/\/www.nova-bz.org\/#website","url":"https:\/\/www.nova-bz.org\/","name":"Nova","description":"Wir m\u00f6chten Dich f\u00fcr Politik begeistern","potentialAction":[{"@type":"SearchAction","target":{"@type":"EntryPoint","urlTemplate":"https:\/\/www.nova-bz.org\/?s={search_term_string}"},"query-input":{"@type":"PropertyValueSpecification","valueRequired":true,"valueName":"search_term_string"}}],"inLanguage":"de"},{"@type":"Person","@id":"https:\/\/www.nova-bz.org\/#\/schema\/person\/c7087d8399c951ea8f92d2cf02eedce2","name":"Filippo Badolato","image":{"@type":"ImageObject","inLanguage":"de","@id":"https:\/\/www.nova-bz.org\/#\/schema\/person\/image\/","url":"https:\/\/www.nova-bz.org\/wp-content\/uploads\/avatars\/33\/60352654c800c-bpfull.jpg","contentUrl":"https:\/\/www.nova-bz.org\/wp-content\/uploads\/avatars\/33\/60352654c800c-bpfull.jpg","caption":"Filippo Badolato"}},false]}},"yasr_visitor_votes":{"stars_attributes":{"read_only":false,"span_bottom":false},"number_of_votes":0,"sum_votes":0},"jetpack_featured_media_url":"https:\/\/www.nova-bz.org\/wp-content\/uploads\/2021\/05\/europa-f.jpg","jetpack_sharing_enabled":true,"_links":{"self":[{"href":"https:\/\/www.nova-bz.org\/de\/wp-json\/wp\/v2\/posts\/3025","targetHints":{"allow":["GET"]}}],"collection":[{"href":"https:\/\/www.nova-bz.org\/de\/wp-json\/wp\/v2\/posts"}],"about":[{"href":"https:\/\/www.nova-bz.org\/de\/wp-json\/wp\/v2\/types\/post"}],"author":[{"embeddable":true,"href":"https:\/\/www.nova-bz.org\/de\/wp-json\/wp\/v2\/users\/33"}],"replies":[{"embeddable":true,"href":"https:\/\/www.nova-bz.org\/de\/wp-json\/wp\/v2\/comments?post=3025"}],"version-history":[{"count":12,"href":"https:\/\/www.nova-bz.org\/de\/wp-json\/wp\/v2\/posts\/3025\/revisions"}],"predecessor-version":[{"id":4173,"href":"https:\/\/www.nova-bz.org\/de\/wp-json\/wp\/v2\/posts\/3025\/revisions\/4173"}],"wp:featuredmedia":[{"embeddable":true,"href":"https:\/\/www.nova-bz.org\/de\/wp-json\/wp\/v2\/media\/3817"}],"wp:attachment":[{"href":"https:\/\/www.nova-bz.org\/de\/wp-json\/wp\/v2\/media?parent=3025"}],"wp:term":[{"taxonomy":"category","embeddable":true,"href":"https:\/\/www.nova-bz.org\/de\/wp-json\/wp\/v2\/categories?post=3025"},{"taxonomy":"post_tag","embeddable":true,"href":"https:\/\/www.nova-bz.org\/de\/wp-json\/wp\/v2\/tags?post=3025"}],"curies":[{"name":"wp","href":"https:\/\/api.w.org\/{rel}","templated":true}]}}