{"id":2834,"date":"2021-02-22T12:01:42","date_gmt":"2021-02-22T11:01:42","guid":{"rendered":"https:\/\/www.nova-bz.org\/?p=2834"},"modified":"2021-07-26T16:00:48","modified_gmt":"2021-07-26T14:00:48","slug":"deine-gedanken-zu-europa","status":"publish","type":"post","link":"https:\/\/www.nova-bz.org\/de\/deine-gedanken-zu-europa\/","title":{"rendered":"Deine Gedanken zu Europa"},"content":{"rendered":"\n<p>Der Dichter und Nobelpreistr\u00e4ger, Joseph Brodsky, hat einmal gesagt: <strong>&#8222;Die Parlamente w\u00fcrden ganz anders funktionieren, wenn vor jeder Sitzung ein Gedicht vorgetragen w\u00fcrde.&#8220;<\/strong> Diesen Gedanken haben der S\u00fcdtiroler Landtag und der <a href=\"https:\/\/www.kuenstlerbund.org\/de\" target=\"_blank\" rel=\"noreferrer noopener\">S\u00fcdtiroler K\u00fcnstlerbund<\/a> zum Anlass genommen, um einen Literaturwettbewerb f\u00fcr junge Autor*innen auszuschreiben.<\/p>\n\n\n\n<p>Anl\u00e4sslich des Europatages am 9. Mai veranstalten der S\u00fcdtiroler Landtag und der S\u00fcdtiroler K\u00fcnstlerbund einen <strong>Literaturwettbewerb f\u00fcr junge Autor*innen zum Thema &#8222;Europa&#8220;. <\/strong>Alle S\u00fcdtiroler*innen unter 35 Jahren k\u00f6nnen ihre unver\u00f6ffentlichten Texte in einer der drei Landessprachen Deutsch, Italienisch oder Ladinisch einreichen. Die Texte sollen eine Lesezeit von sechs Minuten nicht \u00fcberschreiten.<\/p>\n\n\n\n<p><strong>Aus allen eingereichten Texten w\u00e4hlt eine Jury die besten drei Arbeiten, die bei der Er\u00f6ffnung der Landtagssitzungen am 11., 12. und 13. Mai \u00f6ffentlich vorgetragen werden. Zudem erhalten die drei Gewinner*innen jeweils 2.000,00 Euro Preisgeld.<\/strong> Um teilzunehmen, reicht es, den eigenen Text oder eine H\u00f6rprobe zusammen mit einer Kurzbiografie bis zum 09. April 2021 an die E-Mail-Adresse <a href=\"mailto:info@kuenstlerbund.org\" target=\"_blank\" rel=\"noreferrer noopener\">info@kuenstlerbund.org<\/a> zu schicken und in der Betreffzeile &#8222;Europa&#8220; anzugeben.<\/p>\n\n\n\n<p>Martina Chiarani, Journalistin des S\u00fcdtiroler Landtags, hat dem Radiomagazin &#8222;Zeppelin&#8220; des RAI Alto Adige ein Interview gegeben und den Wettbewerb zusammen mit Alexander Z\u00f6ggeler, dem Pr\u00e4sident des S\u00fcdtiroler K\u00fcnstlerbunds, vorgestellt. Hier kannst du den Beitrag in italienischer Sprache nachh\u00f6ren:<\/p>\n\n\n<section class=\"np-block np-audio\">\n  <div class=\"np-block__inner dynamic-gradient gradient-green-2 w-full shadow-lg\">\n        <display-audio data-file=\"{&quot;ID&quot;:2809,&quot;id&quot;:2809,&quot;title&quot;:&quot;Concorso Europa 2021&quot;,&quot;filename&quot;:&quot;Concorso-Europa-2021.mp3&quot;,&quot;filesize&quot;:14448447,&quot;url&quot;:&quot;https:\\\/\\\/www.nova-bz.org\\\/wp-content\\\/uploads\\\/2021\\\/02\\\/Concorso-Europa-2021.mp3&quot;,&quot;link&quot;:&quot;https:\\\/\\\/www.nova-bz.org\\\/de\\\/22-oktober-2023-ein-besonderer-tag\\\/concorso-europa-2021-2\\\/&quot;,&quot;alt&quot;:&quot;&quot;,&quot;author&quot;:&quot;36&quot;,&quot;description&quot;:&quot;\\&quot;Concorso Europa 2021\\&quot; di Zeppelin Rai Radio 1 Bolzano. Rilasciato il: 2021. Genere: Concorso letterario.&quot;,&quot;caption&quot;:&quot;&quot;,&quot;name&quot;:&quot;concorso-europa-2021-2&quot;,&quot;status&quot;:&quot;inherit&quot;,&quot;uploaded_to&quot;:5718,&quot;date&quot;:&quot;2021-02-19 15:13:38&quot;,&quot;modified&quot;:&quot;2023-10-18 14:18:02&quot;,&quot;menu_order&quot;:0,&quot;mime_type&quot;:&quot;audio\\\/mpeg&quot;,&quot;type&quot;:&quot;audio&quot;,&quot;subtype&quot;:&quot;mpeg&quot;,&quot;icon&quot;:&quot;https:\\\/\\\/www.nova-bz.org\\\/wp-includes\\\/images\\\/media\\\/audio.png&quot;}\"><\/display-audio>\n    <noscript>\n      <audio controls>\n        <source src=\"https:\/\/www.nova-bz.org\/wp-content\/uploads\/2021\/02\/Concorso-Europa-2021.mp3\" type=\"audio\/mpeg\">\n      <\/audio>\n    <\/noscript>\n      <\/div>\n<\/section>\n\n\n\n<h4 class=\"wp-block-heading\">Weitere Informationen zum Wettbewerb<\/h4>\n\n\n\n<ul class=\"wp-block-list\"><li><a href=\"https:\/\/www.kuenstlerbund.org\/de\/verantstaltung\/e\/literaturwettbewerb-2021-dramatik-lyrik_110\" target=\"_blank\" rel=\"noreferrer noopener\">www.kuenstlerbund.org<\/a><\/li><li>Telefon: 0471 977 037<\/li><li>E-Mail: <a href=\"mailto:literatur@kuenstlerbund.org\" target=\"_blank\" rel=\"noreferrer noopener\">literatur@kuenstlerbund.org<\/a><\/li><\/ul>\n","protected":false},"excerpt":{"rendered":"<p>Der S\u00fcdtiroler Landtag und der S\u00fcdtiroler K\u00fcnstlerbund laden junge Autor*innen zu einem Wettbewerb zum Thema &#8222;Europa&#8220; ein. <\/p>\n","protected":false},"author":36,"featured_media":2839,"comment_status":"open","ping_status":"closed","sticky":false,"template":"","format":"standard","meta":{"_acf_changed":false,"yasr_overall_rating":0,"yasr_post_is_review":"","yasr_auto_insert_disabled":"","yasr_review_type":"","_jetpack_memberships_contains_paid_content":false,"footnotes":""},"categories":[58,229,299],"tags":[269,270,256,268],"class_list":["post-2834","post","type-post","status-publish","format-standard","has-post-thumbnail","hentry","category-aktuelles","category-kultur","category-kurse-wettbewerbe","tag-europa-2","tag-kunst","tag-mach-mit","tag-wettbewerb"],"acf":[],"yoast_head":"<!-- This site is optimized with the Yoast SEO plugin v25.3.1 - https:\/\/yoast.com\/wordpress\/plugins\/seo\/ -->\n<title>Deine Gedanken zu Europa - Nova<\/title>\n<meta name=\"description\" content=\"Der S\u00fcdtiroler Landtag und der S\u00fcdtiroler K\u00fcnstlerbund laden junge Autor*innen zu einem Wettbewerb zum Thema &quot;Europa&quot; ein.\" \/>\n<meta name=\"robots\" content=\"index, follow, max-snippet:-1, max-image-preview:large, max-video-preview:-1\" \/>\n<link rel=\"canonical\" href=\"https:\/\/www.nova-bz.org\/de\/deine-gedanken-zu-europa\/\" \/>\n<meta property=\"og:locale\" content=\"de_DE\" \/>\n<meta property=\"og:type\" content=\"article\" \/>\n<meta property=\"og:title\" content=\"NOVA \u00fcber einen Literaturwettbewerb zum Thema &quot;Europa&quot;\" \/>\n<meta property=\"og:description\" content=\"Der S\u00fcdtiroler Landtag und der S\u00fcdtiroler K\u00fcnstlerbund laden junge Autor*innen zu einem Wettbewerb zum Thema &quot;Europa&quot; ein.\" \/>\n<meta property=\"og:url\" content=\"https:\/\/www.nova-bz.org\/de\/deine-gedanken-zu-europa\/\" \/>\n<meta property=\"og:site_name\" content=\"Nova\" \/>\n<meta property=\"article:publisher\" content=\"https:\/\/www.facebook.com\/novabz.org\" \/>\n<meta property=\"article:published_time\" content=\"2021-02-22T11:01:42+00:00\" \/>\n<meta property=\"article:modified_time\" content=\"2021-07-26T14:00:48+00:00\" \/>\n<meta property=\"og:image\" content=\"https:\/\/www.nova-bz.org\/wp-content\/uploads\/2021\/02\/concorso-1.png\" \/>\n\t<meta property=\"og:image:width\" content=\"2400\" \/>\n\t<meta property=\"og:image:height\" content=\"1800\" \/>\n\t<meta property=\"og:image:type\" content=\"image\/png\" \/>\n<meta name=\"author\" content=\"Redaktion Redazione\" \/>\n<meta name=\"twitter:card\" content=\"summary_large_image\" \/>\n<meta name=\"twitter:title\" content=\"NOVA \u00fcber einen Literaturwettbewerb zum Thema &quot;Europa&quot;\" \/>\n<meta name=\"twitter:description\" content=\"Der S\u00fcdtiroler Landtag und der S\u00fcdtiroler K\u00fcnstlerbund laden junge Autor*innen zu einem Wettbewerb zum Thema &quot;Europa&quot; ein.\" \/>\n<meta name=\"twitter:image\" content=\"https:\/\/www.nova-bz.org\/wp-content\/uploads\/2021\/02\/concorso-1.png\" \/>\n<meta name=\"twitter:creator\" content=\"@nova_bz_org\" \/>\n<meta name=\"twitter:site\" content=\"@nova_bz_org\" \/>\n<meta name=\"twitter:label1\" content=\"Verfasst von\" \/>\n\t<meta name=\"twitter:data1\" content=\"Redaktion Redazione\" \/>\n\t<meta name=\"twitter:label2\" content=\"Gesch\u00e4tzte Lesezeit\" \/>\n\t<meta name=\"twitter:data2\" content=\"1\u00a0Minute\" \/>\n<script type=\"application\/ld+json\" class=\"yoast-schema-graph\">{\"@context\":\"https:\/\/schema.org\",\"@graph\":[{\"@type\":\"WebPage\",\"@id\":\"https:\/\/www.nova-bz.org\/de\/deine-gedanken-zu-europa\/\",\"url\":\"https:\/\/www.nova-bz.org\/de\/deine-gedanken-zu-europa\/\",\"name\":\"Deine Gedanken zu Europa - Nova\",\"isPartOf\":{\"@id\":\"https:\/\/www.nova-bz.org\/#website\"},\"primaryImageOfPage\":{\"@id\":\"https:\/\/www.nova-bz.org\/de\/deine-gedanken-zu-europa\/#primaryimage\"},\"image\":{\"@id\":\"https:\/\/www.nova-bz.org\/de\/deine-gedanken-zu-europa\/#primaryimage\"},\"thumbnailUrl\":\"https:\/\/www.nova-bz.org\/wp-content\/uploads\/2021\/02\/concorso-1.png\",\"datePublished\":\"2021-02-22T11:01:42+00:00\",\"dateModified\":\"2021-07-26T14:00:48+00:00\",\"author\":{\"@id\":\"https:\/\/www.nova-bz.org\/#\/schema\/person\/1f1e3510379e98497d26e0f268d316c9\"},\"description\":\"Der S\u00fcdtiroler Landtag und der S\u00fcdtiroler K\u00fcnstlerbund laden junge Autor*innen zu einem Wettbewerb zum Thema \\\"Europa\\\" ein.\",\"breadcrumb\":{\"@id\":\"https:\/\/www.nova-bz.org\/de\/deine-gedanken-zu-europa\/#breadcrumb\"},\"inLanguage\":\"de\",\"potentialAction\":[{\"@type\":\"ReadAction\",\"target\":[\"https:\/\/www.nova-bz.org\/de\/deine-gedanken-zu-europa\/\"]}]},{\"@type\":\"ImageObject\",\"inLanguage\":\"de\",\"@id\":\"https:\/\/www.nova-bz.org\/de\/deine-gedanken-zu-europa\/#primaryimage\",\"url\":\"https:\/\/www.nova-bz.org\/wp-content\/uploads\/2021\/02\/concorso-1.png\",\"contentUrl\":\"https:\/\/www.nova-bz.org\/wp-content\/uploads\/2021\/02\/concorso-1.png\",\"width\":2400,\"height\":1800,\"caption\":\"Literaturwettbewerb Europa\"},{\"@type\":\"BreadcrumbList\",\"@id\":\"https:\/\/www.nova-bz.org\/de\/deine-gedanken-zu-europa\/#breadcrumb\",\"itemListElement\":[{\"@type\":\"ListItem\",\"position\":1,\"name\":\"Home\",\"item\":\"https:\/\/www.nova-bz.org\/de\/\"},{\"@type\":\"ListItem\",\"position\":2,\"name\":\"Deine Gedanken zu Europa\"}]},{\"@type\":\"WebSite\",\"@id\":\"https:\/\/www.nova-bz.org\/#website\",\"url\":\"https:\/\/www.nova-bz.org\/\",\"name\":\"Nova\",\"description\":\"Wir m\u00f6chten Dich f\u00fcr Politik begeistern\",\"potentialAction\":[{\"@type\":\"SearchAction\",\"target\":{\"@type\":\"EntryPoint\",\"urlTemplate\":\"https:\/\/www.nova-bz.org\/?s={search_term_string}\"},\"query-input\":{\"@type\":\"PropertyValueSpecification\",\"valueRequired\":true,\"valueName\":\"search_term_string\"}}],\"inLanguage\":\"de\"},{\"@type\":\"Person\",\"@id\":\"https:\/\/www.nova-bz.org\/#\/schema\/person\/1f1e3510379e98497d26e0f268d316c9\",\"name\":\"Redaktion Redazione\",\"image\":{\"@type\":\"ImageObject\",\"inLanguage\":\"de\",\"@id\":\"https:\/\/www.nova-bz.org\/#\/schema\/person\/image\/\",\"url\":\"https:\/\/www.nova-bz.org\/wp-content\/uploads\/letter-avatar\/89447b63e34eed18e78ad5bab8ac5fcb.svg\",\"contentUrl\":\"https:\/\/www.nova-bz.org\/wp-content\/uploads\/letter-avatar\/89447b63e34eed18e78ad5bab8ac5fcb.svg\",\"caption\":\"Redaktion Redazione\"}},false]}<\/script>\n<!-- \/ Yoast SEO plugin. -->","yoast_head_json":{"title":"Deine Gedanken zu Europa - Nova","description":"Der S\u00fcdtiroler Landtag und der S\u00fcdtiroler K\u00fcnstlerbund laden junge Autor*innen zu einem Wettbewerb zum Thema \"Europa\" ein.","robots":{"index":"index","follow":"follow","max-snippet":"max-snippet:-1","max-image-preview":"max-image-preview:large","max-video-preview":"max-video-preview:-1"},"canonical":"https:\/\/www.nova-bz.org\/de\/deine-gedanken-zu-europa\/","og_locale":"de_DE","og_type":"article","og_title":"NOVA \u00fcber einen Literaturwettbewerb zum Thema \"Europa\"","og_description":"Der S\u00fcdtiroler Landtag und der S\u00fcdtiroler K\u00fcnstlerbund laden junge Autor*innen zu einem Wettbewerb zum Thema \"Europa\" ein.","og_url":"https:\/\/www.nova-bz.org\/de\/deine-gedanken-zu-europa\/","og_site_name":"Nova","article_publisher":"https:\/\/www.facebook.com\/novabz.org","article_published_time":"2021-02-22T11:01:42+00:00","article_modified_time":"2021-07-26T14:00:48+00:00","og_image":[{"width":2400,"height":1800,"url":"https:\/\/www.nova-bz.org\/wp-content\/uploads\/2021\/02\/concorso-1.png","type":"image\/png"}],"author":"Redaktion Redazione","twitter_card":"summary_large_image","twitter_title":"NOVA \u00fcber einen Literaturwettbewerb zum Thema \"Europa\"","twitter_description":"Der S\u00fcdtiroler Landtag und der S\u00fcdtiroler K\u00fcnstlerbund laden junge Autor*innen zu einem Wettbewerb zum Thema \"Europa\" ein.","twitter_image":"https:\/\/www.nova-bz.org\/wp-content\/uploads\/2021\/02\/concorso-1.png","twitter_creator":"@nova_bz_org","twitter_site":"@nova_bz_org","twitter_misc":{"Verfasst von":"Redaktion Redazione","Gesch\u00e4tzte Lesezeit":"1\u00a0Minute"},"schema":{"@context":"https:\/\/schema.org","@graph":[{"@type":"WebPage","@id":"https:\/\/www.nova-bz.org\/de\/deine-gedanken-zu-europa\/","url":"https:\/\/www.nova-bz.org\/de\/deine-gedanken-zu-europa\/","name":"Deine Gedanken zu Europa - Nova","isPartOf":{"@id":"https:\/\/www.nova-bz.org\/#website"},"primaryImageOfPage":{"@id":"https:\/\/www.nova-bz.org\/de\/deine-gedanken-zu-europa\/#primaryimage"},"image":{"@id":"https:\/\/www.nova-bz.org\/de\/deine-gedanken-zu-europa\/#primaryimage"},"thumbnailUrl":"https:\/\/www.nova-bz.org\/wp-content\/uploads\/2021\/02\/concorso-1.png","datePublished":"2021-02-22T11:01:42+00:00","dateModified":"2021-07-26T14:00:48+00:00","author":{"@id":"https:\/\/www.nova-bz.org\/#\/schema\/person\/1f1e3510379e98497d26e0f268d316c9"},"description":"Der S\u00fcdtiroler Landtag und der S\u00fcdtiroler K\u00fcnstlerbund laden junge Autor*innen zu einem Wettbewerb zum Thema \"Europa\" ein.","breadcrumb":{"@id":"https:\/\/www.nova-bz.org\/de\/deine-gedanken-zu-europa\/#breadcrumb"},"inLanguage":"de","potentialAction":[{"@type":"ReadAction","target":["https:\/\/www.nova-bz.org\/de\/deine-gedanken-zu-europa\/"]}]},{"@type":"ImageObject","inLanguage":"de","@id":"https:\/\/www.nova-bz.org\/de\/deine-gedanken-zu-europa\/#primaryimage","url":"https:\/\/www.nova-bz.org\/wp-content\/uploads\/2021\/02\/concorso-1.png","contentUrl":"https:\/\/www.nova-bz.org\/wp-content\/uploads\/2021\/02\/concorso-1.png","width":2400,"height":1800,"caption":"Literaturwettbewerb Europa"},{"@type":"BreadcrumbList","@id":"https:\/\/www.nova-bz.org\/de\/deine-gedanken-zu-europa\/#breadcrumb","itemListElement":[{"@type":"ListItem","position":1,"name":"Home","item":"https:\/\/www.nova-bz.org\/de\/"},{"@type":"ListItem","position":2,"name":"Deine Gedanken zu Europa"}]},{"@type":"WebSite","@id":"https:\/\/www.nova-bz.org\/#website","url":"https:\/\/www.nova-bz.org\/","name":"Nova","description":"Wir m\u00f6chten Dich f\u00fcr Politik begeistern","potentialAction":[{"@type":"SearchAction","target":{"@type":"EntryPoint","urlTemplate":"https:\/\/www.nova-bz.org\/?s={search_term_string}"},"query-input":{"@type":"PropertyValueSpecification","valueRequired":true,"valueName":"search_term_string"}}],"inLanguage":"de"},{"@type":"Person","@id":"https:\/\/www.nova-bz.org\/#\/schema\/person\/1f1e3510379e98497d26e0f268d316c9","name":"Redaktion Redazione","image":{"@type":"ImageObject","inLanguage":"de","@id":"https:\/\/www.nova-bz.org\/#\/schema\/person\/image\/","url":"https:\/\/www.nova-bz.org\/wp-content\/uploads\/letter-avatar\/89447b63e34eed18e78ad5bab8ac5fcb.svg","contentUrl":"https:\/\/www.nova-bz.org\/wp-content\/uploads\/letter-avatar\/89447b63e34eed18e78ad5bab8ac5fcb.svg","caption":"Redaktion Redazione"}},false]}},"yasr_visitor_votes":{"stars_attributes":{"read_only":false,"span_bottom":false},"number_of_votes":0,"sum_votes":0},"jetpack_featured_media_url":"https:\/\/www.nova-bz.org\/wp-content\/uploads\/2021\/02\/concorso-1.png","jetpack_sharing_enabled":true,"_links":{"self":[{"href":"https:\/\/www.nova-bz.org\/de\/wp-json\/wp\/v2\/posts\/2834","targetHints":{"allow":["GET"]}}],"collection":[{"href":"https:\/\/www.nova-bz.org\/de\/wp-json\/wp\/v2\/posts"}],"about":[{"href":"https:\/\/www.nova-bz.org\/de\/wp-json\/wp\/v2\/types\/post"}],"author":[{"embeddable":true,"href":"https:\/\/www.nova-bz.org\/de\/wp-json\/wp\/v2\/users\/36"}],"replies":[{"embeddable":true,"href":"https:\/\/www.nova-bz.org\/de\/wp-json\/wp\/v2\/comments?post=2834"}],"version-history":[{"count":7,"href":"https:\/\/www.nova-bz.org\/de\/wp-json\/wp\/v2\/posts\/2834\/revisions"}],"predecessor-version":[{"id":3316,"href":"https:\/\/www.nova-bz.org\/de\/wp-json\/wp\/v2\/posts\/2834\/revisions\/3316"}],"wp:featuredmedia":[{"embeddable":true,"href":"https:\/\/www.nova-bz.org\/de\/wp-json\/wp\/v2\/media\/2839"}],"wp:attachment":[{"href":"https:\/\/www.nova-bz.org\/de\/wp-json\/wp\/v2\/media?parent=2834"}],"wp:term":[{"taxonomy":"category","embeddable":true,"href":"https:\/\/www.nova-bz.org\/de\/wp-json\/wp\/v2\/categories?post=2834"},{"taxonomy":"post_tag","embeddable":true,"href":"https:\/\/www.nova-bz.org\/de\/wp-json\/wp\/v2\/tags?post=2834"}],"curies":[{"name":"wp","href":"https:\/\/api.w.org\/{rel}","templated":true}]}}